{"id":99995,"date":"2021-09-17T11:26:20","date_gmt":"2021-09-17T14:26:20","guid":{"rendered":"https:\/\/acs.org.br\/antigo\/?p=99995"},"modified":"2021-09-17T11:26:20","modified_gmt":"2021-09-17T14:26:20","slug":"cafe-colombia-registra-queda-na-producao-de-cafe","status":"publish","type":"post","link":"https:\/\/acs.org.br\/academy\/cafe-colombia-registra-queda-na-producao-de-cafe\/","title":{"rendered":"CAF\u00c9: Col\u00f4mbia registra queda na produ\u00e7\u00e3o de caf\u00e9"},"content":{"rendered":"<p>Fonte: Caf\u00e9 Point<\/p>\n<p>A Col\u00f4mbia registrou uma produ\u00e7\u00e3o de 915 mil sacas de 60 kg de caf\u00e9 verde em agosto de 2021, 16% a menos do que as 1,1 milh\u00e3o de sacas registradas em agosto de 2020. No acumulado do ano (janeiro a agosto), a produ\u00e7\u00e3o ultrapassa 7,8 milh\u00f5es de sacas, 8% a menos em rela\u00e7\u00e3o \u00e0s mais de 8,5 milh\u00f5es de sacas do mesmo per\u00edodo anterior.<\/p>\n<p><a href=\"https:\/\/www.cafepoint.com.br\/noticias\/giro-de-noticias\/colombia-registra-queda-na-producao-de-cafe-227282\/\">LEIA MAIS&#8230;<\/a><\/p>\n<p>&nbsp;<\/p>\n","protected":false},"excerpt":{"rendered":"<p>Fonte: Caf\u00e9 Point A Col\u00f4mbia registrou uma produ\u00e7\u00e3o de 915 mil sacas de 60 kg de caf\u00e9 verde em agosto de 2021, 16% a menos do que as 1,1 milh\u00e3o de sacas registradas em agosto de 2020. No acumulado do ano (janeiro a agosto), a produ\u00e7\u00e3o ultrapassa 7,8 milh\u00f5es de sacas, 8% a menos em [&hellip;]<\/p>\n","protected":false},"author":3,"featured_media":0,"comment_status":"open","ping_status":"open","sticky":false,"template":"","format":"standard","meta":{"footnotes":""},"categories":[105],"tags":[],"_links":{"self":[{"href":"https:\/\/acs.org.br\/academy\/wp-json\/wp\/v2\/posts\/99995"}],"collection":[{"href":"https:\/\/acs.org.br\/academy\/wp-json\/wp\/v2\/posts"}],"about":[{"href":"https:\/\/acs.org.br\/academy\/wp-json\/wp\/v2\/types\/post"}],"author":[{"embeddable":true,"href":"https:\/\/acs.org.br\/academy\/wp-json\/wp\/v2\/users\/3"}],"replies":[{"embeddable":true,"href":"https:\/\/acs.org.br\/academy\/wp-json\/wp\/v2\/comments?post=99995"}],"version-history":[{"count":1,"href":"https:\/\/acs.org.br\/academy\/wp-json\/wp\/v2\/posts\/99995\/revisions"}],"predecessor-version":[{"id":99996,"href":"https:\/\/acs.org.br\/academy\/wp-json\/wp\/v2\/posts\/99995\/revisions\/99996"}],"wp:attachment":[{"href":"https:\/\/acs.org.br\/academy\/wp-json\/wp\/v2\/media?parent=99995"}],"wp:term":[{"taxonomy":"category","embeddable":true,"href":"https:\/\/acs.org.br\/academy\/wp-json\/wp\/v2\/categories?post=99995"},{"taxonomy":"post_tag","embeddable":true,"href":"https:\/\/acs.org.br\/academy\/wp-json\/wp\/v2\/tags?post=99995"}],"curies":[{"name":"wp","href":"https:\/\/api.w.org\/{rel}","templated":true}]}}