{"id":99991,"date":"2021-09-17T11:21:07","date_gmt":"2021-09-17T14:21:07","guid":{"rendered":"https:\/\/acs.org.br\/antigo\/?p=99991"},"modified":"2021-09-17T11:21:07","modified_gmt":"2021-09-17T14:21:07","slug":"economia-economia-do-brasil-cresceu-06-em-julho-aponta-monitor-do-pib-da-fgv","status":"publish","type":"post","link":"https:\/\/acs.org.br\/academy\/economia-economia-do-brasil-cresceu-06-em-julho-aponta-monitor-do-pib-da-fgv\/","title":{"rendered":"ECONOMIA: Economia do Brasil cresceu 0,6% em julho, aponta Monitor do PIB da FGV"},"content":{"rendered":"<p>Fonte: Valor Econ\u00f4mico<\/p>\n<p>A economia brasileira cresceu 0,6% em julho, aponta o Monitor do PIB, do Instituto Brasileiro de Economia da Funda\u00e7\u00e3o Getulio Vargas (FGV Ibre), na an\u00e1lise da s\u00e9rie dessazonalizada, em compara\u00e7\u00e3o a junho e crescimento de 0,3% no trimestre m\u00f3vel findo em julho, em compara\u00e7\u00e3o ao findo em abril. Na compara\u00e7\u00e3o interanual a economia cresceu 6,6% em julho e 9,6% no trimestre m\u00f3vel findo em julho.<\/p>\n<p><a href=\"https:\/\/acs.org.br\/antigo\/wp-content\/uploads\/2021\/09\/MIONITOR.pdf\">LEIA MAIS&#8230;<\/a><\/p>\n","protected":false},"excerpt":{"rendered":"<p>Fonte: Valor Econ\u00f4mico A economia brasileira cresceu 0,6% em julho, aponta o Monitor do PIB, do Instituto Brasileiro de Economia da Funda\u00e7\u00e3o Getulio Vargas (FGV Ibre), na an\u00e1lise da s\u00e9rie dessazonalizada, em compara\u00e7\u00e3o a junho e crescimento de 0,3% no trimestre m\u00f3vel findo em julho, em compara\u00e7\u00e3o ao findo em abril. Na compara\u00e7\u00e3o interanual a [&hellip;]<\/p>\n","protected":false},"author":3,"featured_media":99993,"comment_status":"open","ping_status":"open","sticky":false,"template":"","format":"standard","meta":{"footnotes":""},"categories":[105],"tags":[],"_links":{"self":[{"href":"https:\/\/acs.org.br\/academy\/wp-json\/wp\/v2\/posts\/99991"}],"collection":[{"href":"https:\/\/acs.org.br\/academy\/wp-json\/wp\/v2\/posts"}],"about":[{"href":"https:\/\/acs.org.br\/academy\/wp-json\/wp\/v2\/types\/post"}],"author":[{"embeddable":true,"href":"https:\/\/acs.org.br\/academy\/wp-json\/wp\/v2\/users\/3"}],"replies":[{"embeddable":true,"href":"https:\/\/acs.org.br\/academy\/wp-json\/wp\/v2\/comments?post=99991"}],"version-history":[{"count":1,"href":"https:\/\/acs.org.br\/academy\/wp-json\/wp\/v2\/posts\/99991\/revisions"}],"predecessor-version":[{"id":99994,"href":"https:\/\/acs.org.br\/academy\/wp-json\/wp\/v2\/posts\/99991\/revisions\/99994"}],"wp:featuredmedia":[{"embeddable":true,"href":"https:\/\/acs.org.br\/academy\/wp-json\/wp\/v2\/media\/99993"}],"wp:attachment":[{"href":"https:\/\/acs.org.br\/academy\/wp-json\/wp\/v2\/media?parent=99991"}],"wp:term":[{"taxonomy":"category","embeddable":true,"href":"https:\/\/acs.org.br\/academy\/wp-json\/wp\/v2\/categories?post=99991"},{"taxonomy":"post_tag","embeddable":true,"href":"https:\/\/acs.org.br\/academy\/wp-json\/wp\/v2\/tags?post=99991"}],"curies":[{"name":"wp","href":"https:\/\/api.w.org\/{rel}","templated":true}]}}