{"id":99988,"date":"2021-09-17T11:00:47","date_gmt":"2021-09-17T14:00:47","guid":{"rendered":"https:\/\/acs.org.br\/antigo\/?p=99988"},"modified":"2021-09-17T11:00:47","modified_gmt":"2021-09-17T14:00:47","slug":"economia-comercio-com-china-responde-por-67-do-superavit-brasileiro-em-2021-diz-fgv","status":"publish","type":"post","link":"https:\/\/acs.org.br\/academy\/economia-comercio-com-china-responde-por-67-do-superavit-brasileiro-em-2021-diz-fgv\/","title":{"rendered":"ECONOMIA: Com\u00e9rcio com China responde por 67% do super\u00e1vit brasileiro em 2021, diz FGV"},"content":{"rendered":"<p>Fonte: Isto \u00c9 Dinheiro \/ Estad\u00e3o<\/p>\n<p>As trocas comerciais com a China responderam por 67% do super\u00e1vit acumulado pela balan\u00e7a comercial do Brasil de janeiro a agosto deste ano, segundo os dados do Indicador de Com\u00e9rcio Exterior (Icomex) do Instituto Brasileiro de Economia da Funda\u00e7\u00e3o Getulio Vargas (Ibre\/FGV).<\/p>\n<p><a href=\"https:\/\/www.istoedinheiro.com.br\/comercio-com-china-responde-por-67-do-superavit-brasileiro-em-2021-diz-fgv\/\">LEIA MAIS&#8230;<\/a><\/p>\n<p>&nbsp;<\/p>\n","protected":false},"excerpt":{"rendered":"<p>Fonte: Isto \u00c9 Dinheiro \/ Estad\u00e3o As trocas comerciais com a China responderam por 67% do super\u00e1vit acumulado pela balan\u00e7a comercial do Brasil de janeiro a agosto deste ano, segundo os dados do Indicador de Com\u00e9rcio Exterior (Icomex) do Instituto Brasileiro de Economia da Funda\u00e7\u00e3o Getulio Vargas (Ibre\/FGV). LEIA MAIS&#8230; &nbsp;<\/p>\n","protected":false},"author":3,"featured_media":99989,"comment_status":"open","ping_status":"open","sticky":false,"template":"","format":"standard","meta":{"footnotes":""},"categories":[105],"tags":[],"_links":{"self":[{"href":"https:\/\/acs.org.br\/academy\/wp-json\/wp\/v2\/posts\/99988"}],"collection":[{"href":"https:\/\/acs.org.br\/academy\/wp-json\/wp\/v2\/posts"}],"about":[{"href":"https:\/\/acs.org.br\/academy\/wp-json\/wp\/v2\/types\/post"}],"author":[{"embeddable":true,"href":"https:\/\/acs.org.br\/academy\/wp-json\/wp\/v2\/users\/3"}],"replies":[{"embeddable":true,"href":"https:\/\/acs.org.br\/academy\/wp-json\/wp\/v2\/comments?post=99988"}],"version-history":[{"count":1,"href":"https:\/\/acs.org.br\/academy\/wp-json\/wp\/v2\/posts\/99988\/revisions"}],"predecessor-version":[{"id":99990,"href":"https:\/\/acs.org.br\/academy\/wp-json\/wp\/v2\/posts\/99988\/revisions\/99990"}],"wp:featuredmedia":[{"embeddable":true,"href":"https:\/\/acs.org.br\/academy\/wp-json\/wp\/v2\/media\/99989"}],"wp:attachment":[{"href":"https:\/\/acs.org.br\/academy\/wp-json\/wp\/v2\/media?parent=99988"}],"wp:term":[{"taxonomy":"category","embeddable":true,"href":"https:\/\/acs.org.br\/academy\/wp-json\/wp\/v2\/categories?post=99988"},{"taxonomy":"post_tag","embeddable":true,"href":"https:\/\/acs.org.br\/academy\/wp-json\/wp\/v2\/tags?post=99988"}],"curies":[{"name":"wp","href":"https:\/\/api.w.org\/{rel}","templated":true}]}}