{"id":99975,"date":"2021-09-17T09:46:58","date_gmt":"2021-09-17T12:46:58","guid":{"rendered":"https:\/\/acs.org.br\/antigo\/?p=99975"},"modified":"2021-09-17T09:46:58","modified_gmt":"2021-09-17T12:46:58","slug":"saude-oms-nunca-contraindicou-vacinacao-de-adolescentes-na-pandemia","status":"publish","type":"post","link":"https:\/\/acs.org.br\/academy\/saude-oms-nunca-contraindicou-vacinacao-de-adolescentes-na-pandemia\/","title":{"rendered":"SA\u00daDE: OMS nunca contraindicou vacina\u00e7\u00e3o de adolescentes na pandemia"},"content":{"rendered":"<p>Fonte: CNN Brasil<\/p>\n<p>Entre os motivos citados pelo Minist\u00e9rio da Sa\u00fade para mudar a orienta\u00e7\u00e3o em rela\u00e7\u00e3o \u00e0 vacina\u00e7\u00e3o de adolescentes, est\u00e1 que a Organiza\u00e7\u00e3o Mundial da Sa\u00fade (OMS) n\u00e3o recomenda a aplica\u00e7\u00e3o de doses na faixa et\u00e1ria, o que nunca aconteceu.<\/p>\n<p><a href=\"https:\/\/www.cnnbrasil.com.br\/saude\/oms-nunca-contraindicou-vacinacao-de-adolescentes-na-pandemia\/\">LEIA MAIS&#8230;<\/a><\/p>\n","protected":false},"excerpt":{"rendered":"<p>Fonte: CNN Brasil Entre os motivos citados pelo Minist\u00e9rio da Sa\u00fade para mudar a orienta\u00e7\u00e3o em rela\u00e7\u00e3o \u00e0 vacina\u00e7\u00e3o de adolescentes, est\u00e1 que a Organiza\u00e7\u00e3o Mundial da Sa\u00fade (OMS) n\u00e3o recomenda a aplica\u00e7\u00e3o de doses na faixa et\u00e1ria, o que nunca aconteceu. LEIA MAIS&#8230;<\/p>\n","protected":false},"author":3,"featured_media":0,"comment_status":"open","ping_status":"open","sticky":false,"template":"","format":"standard","meta":{"footnotes":""},"categories":[105],"tags":[],"_links":{"self":[{"href":"https:\/\/acs.org.br\/academy\/wp-json\/wp\/v2\/posts\/99975"}],"collection":[{"href":"https:\/\/acs.org.br\/academy\/wp-json\/wp\/v2\/posts"}],"about":[{"href":"https:\/\/acs.org.br\/academy\/wp-json\/wp\/v2\/types\/post"}],"author":[{"embeddable":true,"href":"https:\/\/acs.org.br\/academy\/wp-json\/wp\/v2\/users\/3"}],"replies":[{"embeddable":true,"href":"https:\/\/acs.org.br\/academy\/wp-json\/wp\/v2\/comments?post=99975"}],"version-history":[{"count":1,"href":"https:\/\/acs.org.br\/academy\/wp-json\/wp\/v2\/posts\/99975\/revisions"}],"predecessor-version":[{"id":99976,"href":"https:\/\/acs.org.br\/academy\/wp-json\/wp\/v2\/posts\/99975\/revisions\/99976"}],"wp:attachment":[{"href":"https:\/\/acs.org.br\/academy\/wp-json\/wp\/v2\/media?parent=99975"}],"wp:term":[{"taxonomy":"category","embeddable":true,"href":"https:\/\/acs.org.br\/academy\/wp-json\/wp\/v2\/categories?post=99975"},{"taxonomy":"post_tag","embeddable":true,"href":"https:\/\/acs.org.br\/academy\/wp-json\/wp\/v2\/tags?post=99975"}],"curies":[{"name":"wp","href":"https:\/\/api.w.org\/{rel}","templated":true}]}}