{"id":99966,"date":"2021-09-17T09:33:14","date_gmt":"2021-09-17T12:33:14","guid":{"rendered":"https:\/\/acs.org.br\/antigo\/?p=99966"},"modified":"2021-09-17T09:33:14","modified_gmt":"2021-09-17T12:33:14","slug":"comercio-exterior-governo-avanca-na-criacao-de-corredor-logistico-entre-brasil-e-bolivia","status":"publish","type":"post","link":"https:\/\/acs.org.br\/academy\/comercio-exterior-governo-avanca-na-criacao-de-corredor-logistico-entre-brasil-e-bolivia\/","title":{"rendered":"COM\u00c9RCIO EXTERIOR: Governo avan\u00e7a na cria\u00e7\u00e3o de corredor log\u00edstico entre Brasil e Bol\u00edvia"},"content":{"rendered":"<p>Fonte: Informativo dos Portos<\/p>\n<p>Avan\u00e7a a cria\u00e7\u00e3o, pelo Governo Federal, de um novo corredor para impulsionar o transporte de cargas entre o Brasil e a Bol\u00edvia. Nesta quinta-feira (16), o ministro da Infraestrutura, Tarc\u00edsio Gomes de Freitas, e o diretor-geral do Departamento Nacional de Infraestrutura de Transportes (DNIT), general Santos Filho, foram a Montes Claros (GO) entregar trecho ampliado da BR-070.<\/p>\n<p><a href=\"https:\/\/www.informativodosportos.com.br\/governo-avanca-na-criacao-de-corredor-logistico-entre-brasil-e-bolivia\/\">LEIA MAIS&#8230;<\/a><\/p>\n","protected":false},"excerpt":{"rendered":"<p>Fonte: Informativo dos Portos Avan\u00e7a a cria\u00e7\u00e3o, pelo Governo Federal, de um novo corredor para impulsionar o transporte de cargas entre o Brasil e a Bol\u00edvia. Nesta quinta-feira (16), o ministro da Infraestrutura, Tarc\u00edsio Gomes de Freitas, e o diretor-geral do Departamento Nacional de Infraestrutura de Transportes (DNIT), general Santos Filho, foram a Montes Claros [&hellip;]<\/p>\n","protected":false},"author":3,"featured_media":99967,"comment_status":"open","ping_status":"open","sticky":false,"template":"","format":"standard","meta":{"footnotes":""},"categories":[105],"tags":[],"_links":{"self":[{"href":"https:\/\/acs.org.br\/academy\/wp-json\/wp\/v2\/posts\/99966"}],"collection":[{"href":"https:\/\/acs.org.br\/academy\/wp-json\/wp\/v2\/posts"}],"about":[{"href":"https:\/\/acs.org.br\/academy\/wp-json\/wp\/v2\/types\/post"}],"author":[{"embeddable":true,"href":"https:\/\/acs.org.br\/academy\/wp-json\/wp\/v2\/users\/3"}],"replies":[{"embeddable":true,"href":"https:\/\/acs.org.br\/academy\/wp-json\/wp\/v2\/comments?post=99966"}],"version-history":[{"count":1,"href":"https:\/\/acs.org.br\/academy\/wp-json\/wp\/v2\/posts\/99966\/revisions"}],"predecessor-version":[{"id":99968,"href":"https:\/\/acs.org.br\/academy\/wp-json\/wp\/v2\/posts\/99966\/revisions\/99968"}],"wp:featuredmedia":[{"embeddable":true,"href":"https:\/\/acs.org.br\/academy\/wp-json\/wp\/v2\/media\/99967"}],"wp:attachment":[{"href":"https:\/\/acs.org.br\/academy\/wp-json\/wp\/v2\/media?parent=99966"}],"wp:term":[{"taxonomy":"category","embeddable":true,"href":"https:\/\/acs.org.br\/academy\/wp-json\/wp\/v2\/categories?post=99966"},{"taxonomy":"post_tag","embeddable":true,"href":"https:\/\/acs.org.br\/academy\/wp-json\/wp\/v2\/tags?post=99966"}],"curies":[{"name":"wp","href":"https:\/\/api.w.org\/{rel}","templated":true}]}}