{"id":99959,"date":"2021-09-17T09:17:31","date_gmt":"2021-09-17T12:17:31","guid":{"rendered":"https:\/\/acs.org.br\/antigo\/?p=99959"},"modified":"2021-09-17T09:17:31","modified_gmt":"2021-09-17T12:17:31","slug":"atualidades-um-dia-dentro-do-museu-do-cafe","status":"publish","type":"post","link":"https:\/\/acs.org.br\/academy\/atualidades-um-dia-dentro-do-museu-do-cafe\/","title":{"rendered":"ATUALIDADES: Um dia dentro do Museu do Caf\u00e9"},"content":{"rendered":"<p>Fonte: A Tribuna<\/p>\n<p>O Museu do Caf\u00e9 de Santos &#8211; que ocupa o hist\u00f3rico pr\u00e9dio da Bolsa do Caf\u00e9 &#8211; se prepara para comemora\u00e7\u00f5es dos 100 anos da edifica\u00e7\u00e3o com reformas e inova\u00e7\u00f5es que acentuam sua tradi\u00e7\u00e3o.<\/p>\n<p><a href=\"https:\/\/acs.org.br\/antigo\/wp-content\/uploads\/2021\/09\/MUSEU-17.pdf\">LEIA MAIS&#8230;<\/a><\/p>\n","protected":false},"excerpt":{"rendered":"<p>Fonte: A Tribuna O Museu do Caf\u00e9 de Santos &#8211; que ocupa o hist\u00f3rico pr\u00e9dio da Bolsa do Caf\u00e9 &#8211; se prepara para comemora\u00e7\u00f5es dos 100 anos da edifica\u00e7\u00e3o com reformas e inova\u00e7\u00f5es que acentuam sua tradi\u00e7\u00e3o. LEIA MAIS&#8230;<\/p>\n","protected":false},"author":3,"featured_media":99961,"comment_status":"open","ping_status":"open","sticky":false,"template":"","format":"standard","meta":{"footnotes":""},"categories":[105],"tags":[],"_links":{"self":[{"href":"https:\/\/acs.org.br\/academy\/wp-json\/wp\/v2\/posts\/99959"}],"collection":[{"href":"https:\/\/acs.org.br\/academy\/wp-json\/wp\/v2\/posts"}],"about":[{"href":"https:\/\/acs.org.br\/academy\/wp-json\/wp\/v2\/types\/post"}],"author":[{"embeddable":true,"href":"https:\/\/acs.org.br\/academy\/wp-json\/wp\/v2\/users\/3"}],"replies":[{"embeddable":true,"href":"https:\/\/acs.org.br\/academy\/wp-json\/wp\/v2\/comments?post=99959"}],"version-history":[{"count":1,"href":"https:\/\/acs.org.br\/academy\/wp-json\/wp\/v2\/posts\/99959\/revisions"}],"predecessor-version":[{"id":99962,"href":"https:\/\/acs.org.br\/academy\/wp-json\/wp\/v2\/posts\/99959\/revisions\/99962"}],"wp:featuredmedia":[{"embeddable":true,"href":"https:\/\/acs.org.br\/academy\/wp-json\/wp\/v2\/media\/99961"}],"wp:attachment":[{"href":"https:\/\/acs.org.br\/academy\/wp-json\/wp\/v2\/media?parent=99959"}],"wp:term":[{"taxonomy":"category","embeddable":true,"href":"https:\/\/acs.org.br\/academy\/wp-json\/wp\/v2\/categories?post=99959"},{"taxonomy":"post_tag","embeddable":true,"href":"https:\/\/acs.org.br\/academy\/wp-json\/wp\/v2\/tags?post=99959"}],"curies":[{"name":"wp","href":"https:\/\/api.w.org\/{rel}","templated":true}]}}