{"id":99943,"date":"2021-09-16T10:49:45","date_gmt":"2021-09-16T13:49:45","guid":{"rendered":"https:\/\/acs.org.br\/antigo\/?p=99943"},"modified":"2021-09-16T10:49:45","modified_gmt":"2021-09-16T13:49:45","slug":"economia-combustivel-pressiona-frete-no-comercio","status":"publish","type":"post","link":"https:\/\/acs.org.br\/academy\/economia-combustivel-pressiona-frete-no-comercio\/","title":{"rendered":"ECONOMIA: Combust\u00edvel pressiona frete no com\u00e9rcio"},"content":{"rendered":"<p>Fonte: Valor Econ\u00f4mico<\/p>\n<p>Companhias da cadeia de distribui\u00e7\u00e3o de produtos no pa\u00eds, como varejistas e atacadistas, j\u00e1 sentem o efeito dos seguidos aumentos nos pre\u00e7os dos combust\u00edveis. T\u00eam recebido das transportadoras mais pedidos por reajustes, de 5% a 10%.<\/p>\n<p><a href=\"https:\/\/acs.org.br\/antigo\/wp-content\/uploads\/2021\/09\/COMBUSTIVEL-16.pdf\">LEIA MAIS&#8230;<\/a><\/p>\n","protected":false},"excerpt":{"rendered":"<p>Fonte: Valor Econ\u00f4mico Companhias da cadeia de distribui\u00e7\u00e3o de produtos no pa\u00eds, como varejistas e atacadistas, j\u00e1 sentem o efeito dos seguidos aumentos nos pre\u00e7os dos combust\u00edveis. T\u00eam recebido das transportadoras mais pedidos por reajustes, de 5% a 10%. LEIA MAIS&#8230;<\/p>\n","protected":false},"author":3,"featured_media":99945,"comment_status":"open","ping_status":"open","sticky":false,"template":"","format":"standard","meta":{"footnotes":""},"categories":[105],"tags":[],"_links":{"self":[{"href":"https:\/\/acs.org.br\/academy\/wp-json\/wp\/v2\/posts\/99943"}],"collection":[{"href":"https:\/\/acs.org.br\/academy\/wp-json\/wp\/v2\/posts"}],"about":[{"href":"https:\/\/acs.org.br\/academy\/wp-json\/wp\/v2\/types\/post"}],"author":[{"embeddable":true,"href":"https:\/\/acs.org.br\/academy\/wp-json\/wp\/v2\/users\/3"}],"replies":[{"embeddable":true,"href":"https:\/\/acs.org.br\/academy\/wp-json\/wp\/v2\/comments?post=99943"}],"version-history":[{"count":1,"href":"https:\/\/acs.org.br\/academy\/wp-json\/wp\/v2\/posts\/99943\/revisions"}],"predecessor-version":[{"id":99946,"href":"https:\/\/acs.org.br\/academy\/wp-json\/wp\/v2\/posts\/99943\/revisions\/99946"}],"wp:featuredmedia":[{"embeddable":true,"href":"https:\/\/acs.org.br\/academy\/wp-json\/wp\/v2\/media\/99945"}],"wp:attachment":[{"href":"https:\/\/acs.org.br\/academy\/wp-json\/wp\/v2\/media?parent=99943"}],"wp:term":[{"taxonomy":"category","embeddable":true,"href":"https:\/\/acs.org.br\/academy\/wp-json\/wp\/v2\/categories?post=99943"},{"taxonomy":"post_tag","embeddable":true,"href":"https:\/\/acs.org.br\/academy\/wp-json\/wp\/v2\/tags?post=99943"}],"curies":[{"name":"wp","href":"https:\/\/api.w.org\/{rel}","templated":true}]}}