{"id":99929,"date":"2021-09-16T09:35:03","date_gmt":"2021-09-16T12:35:03","guid":{"rendered":"https:\/\/acs.org.br\/antigo\/?p=99929"},"modified":"2021-09-16T09:35:03","modified_gmt":"2021-09-16T12:35:03","slug":"porto-governo-publica-editais-de-arrendamento-de-dois-terminais-do-porto-de-santos","status":"publish","type":"post","link":"https:\/\/acs.org.br\/academy\/porto-governo-publica-editais-de-arrendamento-de-dois-terminais-do-porto-de-santos\/","title":{"rendered":"PORTO: Governo publica editais de arrendamento de dois terminais do Porto de Santos"},"content":{"rendered":"<p>Fonte: G1 Santos<\/p>\n<p>O Minist\u00e9rio da Infraestrutura divulgou que editais de arrendamento de dois terminais do Porto de Santos, no litoral de S\u00e3o Paulo, foram publicados nesta ter\u00e7a-feira (14), no Di\u00e1rio Oficial da Uni\u00e3o (DOU). O leil\u00e3o ser\u00e1 realizado em 19 de novembro, por meio da Ag\u00eancia Nacional de Transportes Aquavi\u00e1rios (Antaq).<\/p>\n<p><a href=\"https:\/\/g1.globo.com\/sp\/santos-regiao\/porto-mar\/noticia\/2021\/09\/15\/governo-publica-editais-de-arrendamento-de-dois-terminais-do-porto-de-santos.ghtml\">LEIA MAIS&#8230;<\/a><\/p>\n<p>&nbsp;<\/p>\n","protected":false},"excerpt":{"rendered":"<p>Fonte: G1 Santos O Minist\u00e9rio da Infraestrutura divulgou que editais de arrendamento de dois terminais do Porto de Santos, no litoral de S\u00e3o Paulo, foram publicados nesta ter\u00e7a-feira (14), no Di\u00e1rio Oficial da Uni\u00e3o (DOU). O leil\u00e3o ser\u00e1 realizado em 19 de novembro, por meio da Ag\u00eancia Nacional de Transportes Aquavi\u00e1rios (Antaq). LEIA MAIS&#8230; &nbsp;<\/p>\n","protected":false},"author":3,"featured_media":99930,"comment_status":"open","ping_status":"open","sticky":false,"template":"","format":"standard","meta":{"footnotes":""},"categories":[105],"tags":[],"_links":{"self":[{"href":"https:\/\/acs.org.br\/academy\/wp-json\/wp\/v2\/posts\/99929"}],"collection":[{"href":"https:\/\/acs.org.br\/academy\/wp-json\/wp\/v2\/posts"}],"about":[{"href":"https:\/\/acs.org.br\/academy\/wp-json\/wp\/v2\/types\/post"}],"author":[{"embeddable":true,"href":"https:\/\/acs.org.br\/academy\/wp-json\/wp\/v2\/users\/3"}],"replies":[{"embeddable":true,"href":"https:\/\/acs.org.br\/academy\/wp-json\/wp\/v2\/comments?post=99929"}],"version-history":[{"count":1,"href":"https:\/\/acs.org.br\/academy\/wp-json\/wp\/v2\/posts\/99929\/revisions"}],"predecessor-version":[{"id":99931,"href":"https:\/\/acs.org.br\/academy\/wp-json\/wp\/v2\/posts\/99929\/revisions\/99931"}],"wp:featuredmedia":[{"embeddable":true,"href":"https:\/\/acs.org.br\/academy\/wp-json\/wp\/v2\/media\/99930"}],"wp:attachment":[{"href":"https:\/\/acs.org.br\/academy\/wp-json\/wp\/v2\/media?parent=99929"}],"wp:term":[{"taxonomy":"category","embeddable":true,"href":"https:\/\/acs.org.br\/academy\/wp-json\/wp\/v2\/categories?post=99929"},{"taxonomy":"post_tag","embeddable":true,"href":"https:\/\/acs.org.br\/academy\/wp-json\/wp\/v2\/tags?post=99929"}],"curies":[{"name":"wp","href":"https:\/\/api.w.org\/{rel}","templated":true}]}}