{"id":99927,"date":"2021-09-16T09:22:02","date_gmt":"2021-09-16T12:22:02","guid":{"rendered":"https:\/\/acs.org.br\/antigo\/?p=99927"},"modified":"2021-09-16T09:22:02","modified_gmt":"2021-09-16T12:22:02","slug":"porto-antaq-atua-na-operacao-descarte-no-porto-de-santos","status":"publish","type":"post","link":"https:\/\/acs.org.br\/academy\/porto-antaq-atua-na-operacao-descarte-no-porto-de-santos\/","title":{"rendered":"PORTO: ANTAQ atua na Opera\u00e7\u00e3o Descarte no Porto de Santos"},"content":{"rendered":"<p>Fonte: Ag\u00eancia Porto<\/p>\n<p>Fiscais da ANTAQ atuar\u00e3o at\u00e9 7 de outubro em uma megaopera\u00e7\u00e3o conjunta no Porto de Santos. Trata-se da Opera\u00e7\u00e3o Descarte, que tem a coordena\u00e7\u00e3o do Ibama e a participa\u00e7\u00e3o da Marinha do Brasil, da Anvisa, da Pol\u00edcia Federal e da Receita Federal. A a\u00e7\u00e3o come\u00e7ou na segunda-feira (13). O objetivo \u00e9 fiscalizar como as embarca\u00e7\u00f5es est\u00e3o fazendo a retirada de seus res\u00edduos.<\/p>\n<p><a href=\"http:\/\/agenciaporto.com\/antaq-atua-na-operacao-descarte-no-porto-de-santos\/\">LEIA MAIS&#8230;<\/a><\/p>\n<p>&nbsp;<\/p>\n","protected":false},"excerpt":{"rendered":"<p>Fonte: Ag\u00eancia Porto Fiscais da ANTAQ atuar\u00e3o at\u00e9 7 de outubro em uma megaopera\u00e7\u00e3o conjunta no Porto de Santos. Trata-se da Opera\u00e7\u00e3o Descarte, que tem a coordena\u00e7\u00e3o do Ibama e a participa\u00e7\u00e3o da Marinha do Brasil, da Anvisa, da Pol\u00edcia Federal e da Receita Federal. A a\u00e7\u00e3o come\u00e7ou na segunda-feira (13). O objetivo \u00e9 fiscalizar [&hellip;]<\/p>\n","protected":false},"author":3,"featured_media":0,"comment_status":"open","ping_status":"open","sticky":false,"template":"","format":"standard","meta":{"footnotes":""},"categories":[105],"tags":[],"_links":{"self":[{"href":"https:\/\/acs.org.br\/academy\/wp-json\/wp\/v2\/posts\/99927"}],"collection":[{"href":"https:\/\/acs.org.br\/academy\/wp-json\/wp\/v2\/posts"}],"about":[{"href":"https:\/\/acs.org.br\/academy\/wp-json\/wp\/v2\/types\/post"}],"author":[{"embeddable":true,"href":"https:\/\/acs.org.br\/academy\/wp-json\/wp\/v2\/users\/3"}],"replies":[{"embeddable":true,"href":"https:\/\/acs.org.br\/academy\/wp-json\/wp\/v2\/comments?post=99927"}],"version-history":[{"count":1,"href":"https:\/\/acs.org.br\/academy\/wp-json\/wp\/v2\/posts\/99927\/revisions"}],"predecessor-version":[{"id":99928,"href":"https:\/\/acs.org.br\/academy\/wp-json\/wp\/v2\/posts\/99927\/revisions\/99928"}],"wp:attachment":[{"href":"https:\/\/acs.org.br\/academy\/wp-json\/wp\/v2\/media?parent=99927"}],"wp:term":[{"taxonomy":"category","embeddable":true,"href":"https:\/\/acs.org.br\/academy\/wp-json\/wp\/v2\/categories?post=99927"},{"taxonomy":"post_tag","embeddable":true,"href":"https:\/\/acs.org.br\/academy\/wp-json\/wp\/v2\/tags?post=99927"}],"curies":[{"name":"wp","href":"https:\/\/api.w.org\/{rel}","templated":true}]}}