{"id":99881,"date":"2021-09-15T12:16:37","date_gmt":"2021-09-15T15:16:37","guid":{"rendered":"https:\/\/acs.org.br\/antigo\/?p=99881"},"modified":"2021-09-15T12:18:56","modified_gmt":"2021-09-15T15:18:56","slug":"cafe-inscricoes-para-o-coffee-of-the-year-brasil-2021-vao-ate-1o-de-outubro","status":"publish","type":"post","link":"https:\/\/acs.org.br\/academy\/cafe-inscricoes-para-o-coffee-of-the-year-brasil-2021-vao-ate-1o-de-outubro\/","title":{"rendered":"CAF\u00c9: Inscri\u00e7\u00f5es para o Coffee of The Year Brasil 2021 v\u00e3o at\u00e9 1\u00ba de outubro"},"content":{"rendered":"<p>Fonte: Caf\u00e9 Point<\/p>\n<p>J\u00e1 separou a sua melhor amostra? At\u00e9 1\u00ba de outubro est\u00e3o abertas as inscri\u00e7\u00f5es para o Coffee of The Year 2021, concurso que tem como objetivo reunir os melhores caf\u00e9s do Brasil e eleger os grandes destaques do ano!<\/p>\n<p><a href=\"https:\/\/www.cafepoint.com.br\/noticias\/agenda-do-produtor\/inscricoes-para-o-coffee-of-the-year-brasil-2021-vao-ate-1-de-outubro-227249\/\">LEIA MAIS&#8230;<\/a><\/p>\n<p>&nbsp;<\/p>\n","protected":false},"excerpt":{"rendered":"<p>Fonte: Caf\u00e9 Point J\u00e1 separou a sua melhor amostra? At\u00e9 1\u00ba de outubro est\u00e3o abertas as inscri\u00e7\u00f5es para o Coffee of The Year 2021, concurso que tem como objetivo reunir os melhores caf\u00e9s do Brasil e eleger os grandes destaques do ano! LEIA MAIS&#8230; &nbsp;<\/p>\n","protected":false},"author":3,"featured_media":0,"comment_status":"open","ping_status":"open","sticky":false,"template":"","format":"standard","meta":{"footnotes":""},"categories":[105],"tags":[],"_links":{"self":[{"href":"https:\/\/acs.org.br\/academy\/wp-json\/wp\/v2\/posts\/99881"}],"collection":[{"href":"https:\/\/acs.org.br\/academy\/wp-json\/wp\/v2\/posts"}],"about":[{"href":"https:\/\/acs.org.br\/academy\/wp-json\/wp\/v2\/types\/post"}],"author":[{"embeddable":true,"href":"https:\/\/acs.org.br\/academy\/wp-json\/wp\/v2\/users\/3"}],"replies":[{"embeddable":true,"href":"https:\/\/acs.org.br\/academy\/wp-json\/wp\/v2\/comments?post=99881"}],"version-history":[{"count":2,"href":"https:\/\/acs.org.br\/academy\/wp-json\/wp\/v2\/posts\/99881\/revisions"}],"predecessor-version":[{"id":99883,"href":"https:\/\/acs.org.br\/academy\/wp-json\/wp\/v2\/posts\/99881\/revisions\/99883"}],"wp:attachment":[{"href":"https:\/\/acs.org.br\/academy\/wp-json\/wp\/v2\/media?parent=99881"}],"wp:term":[{"taxonomy":"category","embeddable":true,"href":"https:\/\/acs.org.br\/academy\/wp-json\/wp\/v2\/categories?post=99881"},{"taxonomy":"post_tag","embeddable":true,"href":"https:\/\/acs.org.br\/academy\/wp-json\/wp\/v2\/tags?post=99881"}],"curies":[{"name":"wp","href":"https:\/\/api.w.org\/{rel}","templated":true}]}}