{"id":99879,"date":"2021-09-15T12:16:02","date_gmt":"2021-09-15T15:16:02","guid":{"rendered":"https:\/\/acs.org.br\/antigo\/?p=99879"},"modified":"2021-09-15T12:16:02","modified_gmt":"2021-09-15T15:16:02","slug":"cafe-precos-do-cafe-em-agosto-atingem-novos-patamares","status":"publish","type":"post","link":"https:\/\/acs.org.br\/academy\/cafe-precos-do-cafe-em-agosto-atingem-novos-patamares\/","title":{"rendered":"CAF\u00c9: Pre\u00e7os do caf\u00e9 em agosto atingem novos patamares"},"content":{"rendered":"<p>Fonte: Caf\u00e9 Point<\/p>\n<p>Em agosto de 2021, os pre\u00e7os do caf\u00e9 registraram o d\u00e9cimo m\u00eas consecutivo de aumento, provocado por preocupa\u00e7\u00f5es com a oferta devido \u00e0s condi\u00e7\u00f5es clim\u00e1ticas adversas nos principais pa\u00edses produtores e ao aumento dos custos de frete, juntamente com as restri\u00e7\u00f5es de bloqueio pela covid-19, que interromperam os fluxos comerciais na \u00c1sia.<\/p>\n<p><a href=\"https:\/\/www.cafepoint.com.br\/noticias\/giro-de-noticias\/precos-do-cafe-em-agosto-atingem-novos-patamares-227243\/\">LEIA MAIS&#8230;<\/a><\/p>\n<p>&nbsp;<\/p>\n","protected":false},"excerpt":{"rendered":"<p>Fonte: Caf\u00e9 Point Em agosto de 2021, os pre\u00e7os do caf\u00e9 registraram o d\u00e9cimo m\u00eas consecutivo de aumento, provocado por preocupa\u00e7\u00f5es com a oferta devido \u00e0s condi\u00e7\u00f5es clim\u00e1ticas adversas nos principais pa\u00edses produtores e ao aumento dos custos de frete, juntamente com as restri\u00e7\u00f5es de bloqueio pela covid-19, que interromperam os fluxos comerciais na \u00c1sia. [&hellip;]<\/p>\n","protected":false},"author":3,"featured_media":0,"comment_status":"open","ping_status":"open","sticky":false,"template":"","format":"standard","meta":{"footnotes":""},"categories":[105],"tags":[],"_links":{"self":[{"href":"https:\/\/acs.org.br\/academy\/wp-json\/wp\/v2\/posts\/99879"}],"collection":[{"href":"https:\/\/acs.org.br\/academy\/wp-json\/wp\/v2\/posts"}],"about":[{"href":"https:\/\/acs.org.br\/academy\/wp-json\/wp\/v2\/types\/post"}],"author":[{"embeddable":true,"href":"https:\/\/acs.org.br\/academy\/wp-json\/wp\/v2\/users\/3"}],"replies":[{"embeddable":true,"href":"https:\/\/acs.org.br\/academy\/wp-json\/wp\/v2\/comments?post=99879"}],"version-history":[{"count":1,"href":"https:\/\/acs.org.br\/academy\/wp-json\/wp\/v2\/posts\/99879\/revisions"}],"predecessor-version":[{"id":99880,"href":"https:\/\/acs.org.br\/academy\/wp-json\/wp\/v2\/posts\/99879\/revisions\/99880"}],"wp:attachment":[{"href":"https:\/\/acs.org.br\/academy\/wp-json\/wp\/v2\/media?parent=99879"}],"wp:term":[{"taxonomy":"category","embeddable":true,"href":"https:\/\/acs.org.br\/academy\/wp-json\/wp\/v2\/categories?post=99879"},{"taxonomy":"post_tag","embeddable":true,"href":"https:\/\/acs.org.br\/academy\/wp-json\/wp\/v2\/tags?post=99879"}],"curies":[{"name":"wp","href":"https:\/\/api.w.org\/{rel}","templated":true}]}}