{"id":99876,"date":"2021-09-15T12:13:34","date_gmt":"2021-09-15T15:13:34","guid":{"rendered":"https:\/\/acs.org.br\/antigo\/?p=99876"},"modified":"2021-09-15T12:13:34","modified_gmt":"2021-09-15T15:13:34","slug":"saude-sp-aplicara-doses-de-reforco-com-imunizante-da-pfizer","status":"publish","type":"post","link":"https:\/\/acs.org.br\/academy\/saude-sp-aplicara-doses-de-reforco-com-imunizante-da-pfizer\/","title":{"rendered":"SA\u00daDE: SP aplicar\u00e1 doses de refor\u00e7o com imunizante da Pfizer"},"content":{"rendered":"<p>Fonte: Ag\u00eancia Brasil<\/p>\n<p>Com a previs\u00e3o da chegada de 344 mil doses da vacina da Pfizer nesta quarta-feira (15), o munic\u00edpio de S\u00e3o Paulo vai imunizar, com a dose extra, os idosos com mais de 85 anos de idade exclusivamente com esse imunizante.<\/p>\n<p><a href=\"https:\/\/agenciabrasil.ebc.com.br\/saude\/noticia\/2021-09\/sp-aplicara-doses-de-reforco-com-imunizante-da-pfizer\">LEIA MAIS&#8230;<\/a><\/p>\n<p>&nbsp;<\/p>\n","protected":false},"excerpt":{"rendered":"<p>Fonte: Ag\u00eancia Brasil Com a previs\u00e3o da chegada de 344 mil doses da vacina da Pfizer nesta quarta-feira (15), o munic\u00edpio de S\u00e3o Paulo vai imunizar, com a dose extra, os idosos com mais de 85 anos de idade exclusivamente com esse imunizante. LEIA MAIS&#8230; &nbsp;<\/p>\n","protected":false},"author":3,"featured_media":0,"comment_status":"open","ping_status":"open","sticky":false,"template":"","format":"standard","meta":{"footnotes":""},"categories":[105],"tags":[],"_links":{"self":[{"href":"https:\/\/acs.org.br\/academy\/wp-json\/wp\/v2\/posts\/99876"}],"collection":[{"href":"https:\/\/acs.org.br\/academy\/wp-json\/wp\/v2\/posts"}],"about":[{"href":"https:\/\/acs.org.br\/academy\/wp-json\/wp\/v2\/types\/post"}],"author":[{"embeddable":true,"href":"https:\/\/acs.org.br\/academy\/wp-json\/wp\/v2\/users\/3"}],"replies":[{"embeddable":true,"href":"https:\/\/acs.org.br\/academy\/wp-json\/wp\/v2\/comments?post=99876"}],"version-history":[{"count":1,"href":"https:\/\/acs.org.br\/academy\/wp-json\/wp\/v2\/posts\/99876\/revisions"}],"predecessor-version":[{"id":99877,"href":"https:\/\/acs.org.br\/academy\/wp-json\/wp\/v2\/posts\/99876\/revisions\/99877"}],"wp:attachment":[{"href":"https:\/\/acs.org.br\/academy\/wp-json\/wp\/v2\/media?parent=99876"}],"wp:term":[{"taxonomy":"category","embeddable":true,"href":"https:\/\/acs.org.br\/academy\/wp-json\/wp\/v2\/categories?post=99876"},{"taxonomy":"post_tag","embeddable":true,"href":"https:\/\/acs.org.br\/academy\/wp-json\/wp\/v2\/tags?post=99876"}],"curies":[{"name":"wp","href":"https:\/\/api.w.org\/{rel}","templated":true}]}}