{"id":99870,"date":"2021-09-15T11:55:45","date_gmt":"2021-09-15T14:55:45","guid":{"rendered":"https:\/\/acs.org.br\/antigo\/?p=99870"},"modified":"2021-09-15T12:01:08","modified_gmt":"2021-09-15T15:01:08","slug":"comercio-exterior-apex-brasil-mapa-mre-e-setor-privado-unem-esforcos-para-promover-a-imagem-do-agronegocio-brasileiro-no-exterior","status":"publish","type":"post","link":"https:\/\/acs.org.br\/academy\/comercio-exterior-apex-brasil-mapa-mre-e-setor-privado-unem-esforcos-para-promover-a-imagem-do-agronegocio-brasileiro-no-exterior\/","title":{"rendered":"COM\u00c9RCIO EXTERIOR: Apex-Brasil, MAPA, MRE e setor privado unem esfor\u00e7os para promover a imagem do Agroneg\u00f3cio Brasileiro no exterior"},"content":{"rendered":"<p>Fonte: Informativo dos Portos<\/p>\n<p>A Ag\u00eancia Brasileira de Promo\u00e7\u00e3o de Exporta\u00e7\u00f5es e Investimentos (Apex-Brasil) lan\u00e7ou, nesta ter\u00e7a-feira (14), o segundo ciclo do Programa de Acesso a Mercados do Agroneg\u00f3cio Brasileiro (PAM AGRO), que ser\u00e1 executado nos pr\u00f3ximos dois anos.<\/p>\n<p><a href=\"https:\/\/www.informativodosportos.com.br\/apex-brasil-mapa-mre-e-setor-privado-unem-esforcos-para-promover-a-imagem-do-agronegocio-brasileiro-no-exterior\/\">LEIA MAIS&#8230;<\/a><\/p>\n<p>&nbsp;<\/p>\n","protected":false},"excerpt":{"rendered":"<p>Fonte: Informativo dos Portos A Ag\u00eancia Brasileira de Promo\u00e7\u00e3o de Exporta\u00e7\u00f5es e Investimentos (Apex-Brasil) lan\u00e7ou, nesta ter\u00e7a-feira (14), o segundo ciclo do Programa de Acesso a Mercados do Agroneg\u00f3cio Brasileiro (PAM AGRO), que ser\u00e1 executado nos pr\u00f3ximos dois anos. LEIA MAIS&#8230; &nbsp;<\/p>\n","protected":false},"author":3,"featured_media":99875,"comment_status":"open","ping_status":"open","sticky":false,"template":"","format":"standard","meta":{"footnotes":""},"categories":[105],"tags":[],"_links":{"self":[{"href":"https:\/\/acs.org.br\/academy\/wp-json\/wp\/v2\/posts\/99870"}],"collection":[{"href":"https:\/\/acs.org.br\/academy\/wp-json\/wp\/v2\/posts"}],"about":[{"href":"https:\/\/acs.org.br\/academy\/wp-json\/wp\/v2\/types\/post"}],"author":[{"embeddable":true,"href":"https:\/\/acs.org.br\/academy\/wp-json\/wp\/v2\/users\/3"}],"replies":[{"embeddable":true,"href":"https:\/\/acs.org.br\/academy\/wp-json\/wp\/v2\/comments?post=99870"}],"version-history":[{"count":4,"href":"https:\/\/acs.org.br\/academy\/wp-json\/wp\/v2\/posts\/99870\/revisions"}],"predecessor-version":[{"id":99874,"href":"https:\/\/acs.org.br\/academy\/wp-json\/wp\/v2\/posts\/99870\/revisions\/99874"}],"wp:featuredmedia":[{"embeddable":true,"href":"https:\/\/acs.org.br\/academy\/wp-json\/wp\/v2\/media\/99875"}],"wp:attachment":[{"href":"https:\/\/acs.org.br\/academy\/wp-json\/wp\/v2\/media?parent=99870"}],"wp:term":[{"taxonomy":"category","embeddable":true,"href":"https:\/\/acs.org.br\/academy\/wp-json\/wp\/v2\/categories?post=99870"},{"taxonomy":"post_tag","embeddable":true,"href":"https:\/\/acs.org.br\/academy\/wp-json\/wp\/v2\/tags?post=99870"}],"curies":[{"name":"wp","href":"https:\/\/api.w.org\/{rel}","templated":true}]}}