{"id":99868,"date":"2021-09-15T11:51:08","date_gmt":"2021-09-15T14:51:08","guid":{"rendered":"https:\/\/acs.org.br\/antigo\/?p=99868"},"modified":"2021-09-15T11:51:08","modified_gmt":"2021-09-15T14:51:08","slug":"economia-com-inflacao-alta-salario-minimo-ja-perdeu-r-62-em-poder-de-compra-em-2021","status":"publish","type":"post","link":"https:\/\/acs.org.br\/academy\/economia-com-inflacao-alta-salario-minimo-ja-perdeu-r-62-em-poder-de-compra-em-2021\/","title":{"rendered":"ECONOMIA: Com infla\u00e7\u00e3o alta, sal\u00e1rio m\u00ednimo j\u00e1 perdeu R$ 62 em poder de compra em 2021"},"content":{"rendered":"<p>Fonte: CNN Brasil<\/p>\n<p>O sal\u00e1rio m\u00ednimo, de R$ 1.100 em 2021, est\u00e1 perdendo poder de compra r\u00e1pido ao longo do ano, conforme a infla\u00e7\u00e3o avan\u00e7a e torna itens do dia a dia mais caros.<\/p>\n<p><a href=\"https:\/\/www.cnnbrasil.com.br\/business\/com-inflacao-alta-salario-minimo-ja-perdeu-r-62-em-poder-de-compra-em-2021\/\">LEIA MAIS&#8230;<\/a><\/p>\n","protected":false},"excerpt":{"rendered":"<p>Fonte: CNN Brasil O sal\u00e1rio m\u00ednimo, de R$ 1.100 em 2021, est\u00e1 perdendo poder de compra r\u00e1pido ao longo do ano, conforme a infla\u00e7\u00e3o avan\u00e7a e torna itens do dia a dia mais caros. LEIA MAIS&#8230;<\/p>\n","protected":false},"author":3,"featured_media":0,"comment_status":"open","ping_status":"open","sticky":false,"template":"","format":"standard","meta":{"footnotes":""},"categories":[105],"tags":[],"_links":{"self":[{"href":"https:\/\/acs.org.br\/academy\/wp-json\/wp\/v2\/posts\/99868"}],"collection":[{"href":"https:\/\/acs.org.br\/academy\/wp-json\/wp\/v2\/posts"}],"about":[{"href":"https:\/\/acs.org.br\/academy\/wp-json\/wp\/v2\/types\/post"}],"author":[{"embeddable":true,"href":"https:\/\/acs.org.br\/academy\/wp-json\/wp\/v2\/users\/3"}],"replies":[{"embeddable":true,"href":"https:\/\/acs.org.br\/academy\/wp-json\/wp\/v2\/comments?post=99868"}],"version-history":[{"count":1,"href":"https:\/\/acs.org.br\/academy\/wp-json\/wp\/v2\/posts\/99868\/revisions"}],"predecessor-version":[{"id":99869,"href":"https:\/\/acs.org.br\/academy\/wp-json\/wp\/v2\/posts\/99868\/revisions\/99869"}],"wp:attachment":[{"href":"https:\/\/acs.org.br\/academy\/wp-json\/wp\/v2\/media?parent=99868"}],"wp:term":[{"taxonomy":"category","embeddable":true,"href":"https:\/\/acs.org.br\/academy\/wp-json\/wp\/v2\/categories?post=99868"},{"taxonomy":"post_tag","embeddable":true,"href":"https:\/\/acs.org.br\/academy\/wp-json\/wp\/v2\/tags?post=99868"}],"curies":[{"name":"wp","href":"https:\/\/api.w.org\/{rel}","templated":true}]}}