{"id":99865,"date":"2021-09-15T11:27:59","date_gmt":"2021-09-15T14:27:59","guid":{"rendered":"https:\/\/acs.org.br\/antigo\/?p=99865"},"modified":"2021-09-15T11:47:51","modified_gmt":"2021-09-15T14:47:51","slug":"economia-energia-gerada-por-termeletricas-e-recorde-em-julho-geracao-de-hidreletricas-e-menor-desde-2002","status":"publish","type":"post","link":"https:\/\/acs.org.br\/academy\/economia-energia-gerada-por-termeletricas-e-recorde-em-julho-geracao-de-hidreletricas-e-menor-desde-2002\/","title":{"rendered":"ECONOMIA: Energia gerada por termel\u00e9tricas \u00e9 recorde em julho; gera\u00e7\u00e3o de hidrel\u00e9tricas \u00e9 menor desde 2002"},"content":{"rendered":"<p>Fonte: G1<\/p>\n<p>O Brasil registrou em julho recorde na gera\u00e7\u00e3o de energia por usinas termel\u00e9tricas e a menor produ\u00e7\u00e3o de energia por hidrel\u00e9tricas para o m\u00eas desde 2002, mostram dados do Operador Nacional do Sistema El\u00e9trico (ONS).<\/p>\n<p><a href=\"https:\/\/g1.globo.com\/economia\/noticia\/2021\/09\/15\/energia-gerada-por-termeletricas-e-recorde-em-julho-geracao-de-hidreletricas-e-menor-desde-2002.ghtml\">LEIA MAIS&#8230;<\/a><\/p>\n<p>&nbsp;<\/p>\n","protected":false},"excerpt":{"rendered":"<p>Fonte: G1 O Brasil registrou em julho recorde na gera\u00e7\u00e3o de energia por usinas termel\u00e9tricas e a menor produ\u00e7\u00e3o de energia por hidrel\u00e9tricas para o m\u00eas desde 2002, mostram dados do Operador Nacional do Sistema El\u00e9trico (ONS). LEIA MAIS&#8230; &nbsp;<\/p>\n","protected":false},"author":3,"featured_media":99866,"comment_status":"open","ping_status":"open","sticky":false,"template":"","format":"standard","meta":{"footnotes":""},"categories":[105],"tags":[],"_links":{"self":[{"href":"https:\/\/acs.org.br\/academy\/wp-json\/wp\/v2\/posts\/99865"}],"collection":[{"href":"https:\/\/acs.org.br\/academy\/wp-json\/wp\/v2\/posts"}],"about":[{"href":"https:\/\/acs.org.br\/academy\/wp-json\/wp\/v2\/types\/post"}],"author":[{"embeddable":true,"href":"https:\/\/acs.org.br\/academy\/wp-json\/wp\/v2\/users\/3"}],"replies":[{"embeddable":true,"href":"https:\/\/acs.org.br\/academy\/wp-json\/wp\/v2\/comments?post=99865"}],"version-history":[{"count":1,"href":"https:\/\/acs.org.br\/academy\/wp-json\/wp\/v2\/posts\/99865\/revisions"}],"predecessor-version":[{"id":99867,"href":"https:\/\/acs.org.br\/academy\/wp-json\/wp\/v2\/posts\/99865\/revisions\/99867"}],"wp:featuredmedia":[{"embeddable":true,"href":"https:\/\/acs.org.br\/academy\/wp-json\/wp\/v2\/media\/99866"}],"wp:attachment":[{"href":"https:\/\/acs.org.br\/academy\/wp-json\/wp\/v2\/media?parent=99865"}],"wp:term":[{"taxonomy":"category","embeddable":true,"href":"https:\/\/acs.org.br\/academy\/wp-json\/wp\/v2\/categories?post=99865"},{"taxonomy":"post_tag","embeddable":true,"href":"https:\/\/acs.org.br\/academy\/wp-json\/wp\/v2\/tags?post=99865"}],"curies":[{"name":"wp","href":"https:\/\/api.w.org\/{rel}","templated":true}]}}