{"id":99858,"date":"2021-09-15T11:01:48","date_gmt":"2021-09-15T14:01:48","guid":{"rendered":"https:\/\/acs.org.br\/antigo\/?p=99858"},"modified":"2021-09-15T12:19:37","modified_gmt":"2021-09-15T15:19:37","slug":"porto-areas-da-alemoa-vao-a-leilao-em-novembro","status":"publish","type":"post","link":"https:\/\/acs.org.br\/academy\/porto-areas-da-alemoa-vao-a-leilao-em-novembro\/","title":{"rendered":"PORTO: \u00c1reas da Alemoa v\u00e3o a leil\u00e3o em novembro"},"content":{"rendered":"<p>Fonte: A Tribuna<\/p>\n<p>Os lotes STS08 e STS08A, localizados na regi\u00e3o da Alemoa, no Porto de Santos, e que ter\u00e3o como foco a movimenta\u00e7\u00e3o, a armazenagem e a distribui\u00e7\u00e3o de gran\u00e9is l\u00edquidos, ser\u00e3o leiloados em 19 de novembro. A sess\u00e3o ser\u00e1 realizada na B3, na Capital.<\/p>\n<p><a href=\"https:\/\/acs.org.br\/antigo\/wp-content\/uploads\/2021\/09\/ALEMOA-15.pdf\">LEIA MAIS&#8230;<\/a><\/p>\n","protected":false},"excerpt":{"rendered":"<p>Fonte: A Tribuna Os lotes STS08 e STS08A, localizados na regi\u00e3o da Alemoa, no Porto de Santos, e que ter\u00e3o como foco a movimenta\u00e7\u00e3o, a armazenagem e a distribui\u00e7\u00e3o de gran\u00e9is l\u00edquidos, ser\u00e3o leiloados em 19 de novembro. A sess\u00e3o ser\u00e1 realizada na B3, na Capital. LEIA MAIS&#8230;<\/p>\n","protected":false},"author":3,"featured_media":0,"comment_status":"open","ping_status":"open","sticky":false,"template":"","format":"standard","meta":{"footnotes":""},"categories":[105],"tags":[],"_links":{"self":[{"href":"https:\/\/acs.org.br\/academy\/wp-json\/wp\/v2\/posts\/99858"}],"collection":[{"href":"https:\/\/acs.org.br\/academy\/wp-json\/wp\/v2\/posts"}],"about":[{"href":"https:\/\/acs.org.br\/academy\/wp-json\/wp\/v2\/types\/post"}],"author":[{"embeddable":true,"href":"https:\/\/acs.org.br\/academy\/wp-json\/wp\/v2\/users\/3"}],"replies":[{"embeddable":true,"href":"https:\/\/acs.org.br\/academy\/wp-json\/wp\/v2\/comments?post=99858"}],"version-history":[{"count":2,"href":"https:\/\/acs.org.br\/academy\/wp-json\/wp\/v2\/posts\/99858\/revisions"}],"predecessor-version":[{"id":99861,"href":"https:\/\/acs.org.br\/academy\/wp-json\/wp\/v2\/posts\/99858\/revisions\/99861"}],"wp:attachment":[{"href":"https:\/\/acs.org.br\/academy\/wp-json\/wp\/v2\/media?parent=99858"}],"wp:term":[{"taxonomy":"category","embeddable":true,"href":"https:\/\/acs.org.br\/academy\/wp-json\/wp\/v2\/categories?post=99858"},{"taxonomy":"post_tag","embeddable":true,"href":"https:\/\/acs.org.br\/academy\/wp-json\/wp\/v2\/tags?post=99858"}],"curies":[{"name":"wp","href":"https:\/\/api.w.org\/{rel}","templated":true}]}}