{"id":99851,"date":"2021-09-15T10:57:03","date_gmt":"2021-09-15T13:57:03","guid":{"rendered":"https:\/\/acs.org.br\/antigo\/?p=99851"},"modified":"2021-09-15T10:59:58","modified_gmt":"2021-09-15T13:59:58","slug":"99851-2","status":"publish","type":"post","link":"https:\/\/acs.org.br\/academy\/99851-2\/","title":{"rendered":"ATUALIDADES: Espera por mesas e cadeiras em cal\u00e7adas pode diminuir"},"content":{"rendered":"<p>Fonte: A Tribuna<\/p>\n<p>Os vereadores de Santos aprovaram, em primeira discuss\u00e3o, uma altera\u00e7\u00e3o no Plano Municipal de Mobilidade e Acessibilidade Urbana (Lei Complementar 1.087\/2019) com a inten\u00e7\u00e3o de agilizar os pedidos feitos \u00e0 Prefeitura para coloca\u00e7\u00e3o de mesas e cadeiras nas cal\u00e7adas.<\/p>\n<p><a href=\"https:\/\/acs.org.br\/antigo\/wp-content\/uploads\/2021\/09\/CALCADAS-15.pdf\">LEIA MAIS&#8230;<\/a><\/p>\n","protected":false},"excerpt":{"rendered":"<p>Fonte: A Tribuna Os vereadores de Santos aprovaram, em primeira discuss\u00e3o, uma altera\u00e7\u00e3o no Plano Municipal de Mobilidade e Acessibilidade Urbana (Lei Complementar 1.087\/2019) com a inten\u00e7\u00e3o de agilizar os pedidos feitos \u00e0 Prefeitura para coloca\u00e7\u00e3o de mesas e cadeiras nas cal\u00e7adas. LEIA MAIS&#8230;<\/p>\n","protected":false},"author":3,"featured_media":99853,"comment_status":"open","ping_status":"open","sticky":false,"template":"","format":"standard","meta":{"footnotes":""},"categories":[105],"tags":[],"_links":{"self":[{"href":"https:\/\/acs.org.br\/academy\/wp-json\/wp\/v2\/posts\/99851"}],"collection":[{"href":"https:\/\/acs.org.br\/academy\/wp-json\/wp\/v2\/posts"}],"about":[{"href":"https:\/\/acs.org.br\/academy\/wp-json\/wp\/v2\/types\/post"}],"author":[{"embeddable":true,"href":"https:\/\/acs.org.br\/academy\/wp-json\/wp\/v2\/users\/3"}],"replies":[{"embeddable":true,"href":"https:\/\/acs.org.br\/academy\/wp-json\/wp\/v2\/comments?post=99851"}],"version-history":[{"count":3,"href":"https:\/\/acs.org.br\/academy\/wp-json\/wp\/v2\/posts\/99851\/revisions"}],"predecessor-version":[{"id":99857,"href":"https:\/\/acs.org.br\/academy\/wp-json\/wp\/v2\/posts\/99851\/revisions\/99857"}],"wp:featuredmedia":[{"embeddable":true,"href":"https:\/\/acs.org.br\/academy\/wp-json\/wp\/v2\/media\/99853"}],"wp:attachment":[{"href":"https:\/\/acs.org.br\/academy\/wp-json\/wp\/v2\/media?parent=99851"}],"wp:term":[{"taxonomy":"category","embeddable":true,"href":"https:\/\/acs.org.br\/academy\/wp-json\/wp\/v2\/categories?post=99851"},{"taxonomy":"post_tag","embeddable":true,"href":"https:\/\/acs.org.br\/academy\/wp-json\/wp\/v2\/tags?post=99851"}],"curies":[{"name":"wp","href":"https:\/\/api.w.org\/{rel}","templated":true}]}}