{"id":99847,"date":"2021-09-15T10:44:32","date_gmt":"2021-09-15T13:44:32","guid":{"rendered":"https:\/\/acs.org.br\/antigo\/?p=99847"},"modified":"2021-09-15T10:58:27","modified_gmt":"2021-09-15T13:58:27","slug":"atualidades-museu-do-cafe-de-cara-renovada","status":"publish","type":"post","link":"https:\/\/acs.org.br\/academy\/atualidades-museu-do-cafe-de-cara-renovada\/","title":{"rendered":"ATUALIDADES: Museu do Caf\u00e9 de &#8220;cara&#8221; renovada"},"content":{"rendered":"<p>Fonte: A Tribuna<\/p>\n<p>Depois de um ano, a fachada do Museu do Caf\u00e9 est\u00e1 renovada. \u00a0E foi entregue ontem com a presen\u00e7a do secret\u00e1rio estadual de Cultura Economia Criativa, S\u00e9rgio S\u00e1 Leit\u00e3o, al\u00e9m do secret\u00e1rio de Cultura de Santos, Rafael Leal.<\/p>\n<p><a href=\"https:\/\/acs.org.br\/antigo\/wp-content\/uploads\/2021\/09\/MUSEU-15.pdf\">LEIA MAIS&#8230;<\/a><\/p>\n","protected":false},"excerpt":{"rendered":"<p>Fonte: A Tribuna Depois de um ano, a fachada do Museu do Caf\u00e9 est\u00e1 renovada. \u00a0E foi entregue ontem com a presen\u00e7a do secret\u00e1rio estadual de Cultura Economia Criativa, S\u00e9rgio S\u00e1 Leit\u00e3o, al\u00e9m do secret\u00e1rio de Cultura de Santos, Rafael Leal. LEIA MAIS&#8230;<\/p>\n","protected":false},"author":3,"featured_media":99849,"comment_status":"open","ping_status":"open","sticky":false,"template":"","format":"standard","meta":{"footnotes":""},"categories":[105],"tags":[],"_links":{"self":[{"href":"https:\/\/acs.org.br\/academy\/wp-json\/wp\/v2\/posts\/99847"}],"collection":[{"href":"https:\/\/acs.org.br\/academy\/wp-json\/wp\/v2\/posts"}],"about":[{"href":"https:\/\/acs.org.br\/academy\/wp-json\/wp\/v2\/types\/post"}],"author":[{"embeddable":true,"href":"https:\/\/acs.org.br\/academy\/wp-json\/wp\/v2\/users\/3"}],"replies":[{"embeddable":true,"href":"https:\/\/acs.org.br\/academy\/wp-json\/wp\/v2\/comments?post=99847"}],"version-history":[{"count":2,"href":"https:\/\/acs.org.br\/academy\/wp-json\/wp\/v2\/posts\/99847\/revisions"}],"predecessor-version":[{"id":99856,"href":"https:\/\/acs.org.br\/academy\/wp-json\/wp\/v2\/posts\/99847\/revisions\/99856"}],"wp:featuredmedia":[{"embeddable":true,"href":"https:\/\/acs.org.br\/academy\/wp-json\/wp\/v2\/media\/99849"}],"wp:attachment":[{"href":"https:\/\/acs.org.br\/academy\/wp-json\/wp\/v2\/media?parent=99847"}],"wp:term":[{"taxonomy":"category","embeddable":true,"href":"https:\/\/acs.org.br\/academy\/wp-json\/wp\/v2\/categories?post=99847"},{"taxonomy":"post_tag","embeddable":true,"href":"https:\/\/acs.org.br\/academy\/wp-json\/wp\/v2\/tags?post=99847"}],"curies":[{"name":"wp","href":"https:\/\/api.w.org\/{rel}","templated":true}]}}