{"id":99841,"date":"2021-09-15T08:58:39","date_gmt":"2021-09-15T11:58:39","guid":{"rendered":"https:\/\/acs.org.br\/antigo\/?p=99841"},"modified":"2021-09-15T09:19:12","modified_gmt":"2021-09-15T12:19:12","slug":"porto-antaq-vai-realizar-consulta-publica-para-regulamentar-contratos-de-uso-temporario","status":"publish","type":"post","link":"https:\/\/acs.org.br\/academy\/porto-antaq-vai-realizar-consulta-publica-para-regulamentar-contratos-de-uso-temporario\/","title":{"rendered":"PORTO: ANTAQ vai realizar consulta p\u00fablica para regulamentar contratos de uso tempor\u00e1rio"},"content":{"rendered":"<p>Fonte: Ag\u00eancia Porto<\/p>\n<p>A realiza\u00e7\u00e3o da consulta\/audi\u00eancia p\u00fablica para regulamenta\u00e7\u00e3o da mat\u00e9ria foi aprovada pela Diretoria Colegiada da Ag\u00eancia Nacional de Transportes Aquavi\u00e1rios \u2013 ANTAQ na 508\u00aa Reuni\u00e3o Ordin\u00e1ria, realizada no in\u00edcio deste m\u00eas.<\/p>\n<p><a href=\"http:\/\/agenciaporto.com\/antaq-vai-realizar-consulta-publica-para-regulamentar-contratos-de-uso-temporario\/\">LEIA MAIS&#8230;<\/a><\/p>\n<p>&nbsp;<\/p>\n","protected":false},"excerpt":{"rendered":"<p>Fonte: Ag\u00eancia Porto A realiza\u00e7\u00e3o da consulta\/audi\u00eancia p\u00fablica para regulamenta\u00e7\u00e3o da mat\u00e9ria foi aprovada pela Diretoria Colegiada da Ag\u00eancia Nacional de Transportes Aquavi\u00e1rios \u2013 ANTAQ na 508\u00aa Reuni\u00e3o Ordin\u00e1ria, realizada no in\u00edcio deste m\u00eas. LEIA MAIS&#8230; &nbsp;<\/p>\n","protected":false},"author":3,"featured_media":0,"comment_status":"open","ping_status":"open","sticky":false,"template":"","format":"standard","meta":{"footnotes":""},"categories":[105],"tags":[],"_links":{"self":[{"href":"https:\/\/acs.org.br\/academy\/wp-json\/wp\/v2\/posts\/99841"}],"collection":[{"href":"https:\/\/acs.org.br\/academy\/wp-json\/wp\/v2\/posts"}],"about":[{"href":"https:\/\/acs.org.br\/academy\/wp-json\/wp\/v2\/types\/post"}],"author":[{"embeddable":true,"href":"https:\/\/acs.org.br\/academy\/wp-json\/wp\/v2\/users\/3"}],"replies":[{"embeddable":true,"href":"https:\/\/acs.org.br\/academy\/wp-json\/wp\/v2\/comments?post=99841"}],"version-history":[{"count":1,"href":"https:\/\/acs.org.br\/academy\/wp-json\/wp\/v2\/posts\/99841\/revisions"}],"predecessor-version":[{"id":99842,"href":"https:\/\/acs.org.br\/academy\/wp-json\/wp\/v2\/posts\/99841\/revisions\/99842"}],"wp:attachment":[{"href":"https:\/\/acs.org.br\/academy\/wp-json\/wp\/v2\/media?parent=99841"}],"wp:term":[{"taxonomy":"category","embeddable":true,"href":"https:\/\/acs.org.br\/academy\/wp-json\/wp\/v2\/categories?post=99841"},{"taxonomy":"post_tag","embeddable":true,"href":"https:\/\/acs.org.br\/academy\/wp-json\/wp\/v2\/tags?post=99841"}],"curies":[{"name":"wp","href":"https:\/\/api.w.org\/{rel}","templated":true}]}}