{"id":99827,"date":"2021-09-14T10:38:32","date_gmt":"2021-09-14T13:38:32","guid":{"rendered":"https:\/\/acs.org.br\/antigo\/?p=99827"},"modified":"2021-09-14T10:39:17","modified_gmt":"2021-09-14T13:39:17","slug":"economia-bandeira-tarifaria-tem-deficit-de-r-5-bi","status":"publish","type":"post","link":"https:\/\/acs.org.br\/academy\/economia-bandeira-tarifaria-tem-deficit-de-r-5-bi\/","title":{"rendered":"ECONOMIA: Bandeira tarif\u00e1ria tem d\u00e9ficit de R$ 5 bi"},"content":{"rendered":"<p>Fonte: Valor Econ\u00f4mico<\/p>\n<p>Apesar do aumento rec\u00e9m-aprovado da taxa extra nas contas de luz, as bandeiras tarif\u00e1rias v\u00e3o acumular um d\u00e9ficit de pelo menos R$ 5 bilh\u00f5es neste ano, segundo estimativas da consultoria e plataforma de informa\u00e7\u00f5es para o setor el\u00e9trico MegaWhat.<\/p>\n<p><a href=\"https:\/\/acs.org.br\/antigo\/wp-content\/uploads\/2021\/09\/BANDEIRA-14.pdf\">LEIA MAIS&#8230;<\/a><\/p>\n","protected":false},"excerpt":{"rendered":"<p>Fonte: Valor Econ\u00f4mico Apesar do aumento rec\u00e9m-aprovado da taxa extra nas contas de luz, as bandeiras tarif\u00e1rias v\u00e3o acumular um d\u00e9ficit de pelo menos R$ 5 bilh\u00f5es neste ano, segundo estimativas da consultoria e plataforma de informa\u00e7\u00f5es para o setor el\u00e9trico MegaWhat. LEIA MAIS&#8230;<\/p>\n","protected":false},"author":3,"featured_media":0,"comment_status":"open","ping_status":"open","sticky":false,"template":"","format":"standard","meta":{"footnotes":""},"categories":[105],"tags":[],"_links":{"self":[{"href":"https:\/\/acs.org.br\/academy\/wp-json\/wp\/v2\/posts\/99827"}],"collection":[{"href":"https:\/\/acs.org.br\/academy\/wp-json\/wp\/v2\/posts"}],"about":[{"href":"https:\/\/acs.org.br\/academy\/wp-json\/wp\/v2\/types\/post"}],"author":[{"embeddable":true,"href":"https:\/\/acs.org.br\/academy\/wp-json\/wp\/v2\/users\/3"}],"replies":[{"embeddable":true,"href":"https:\/\/acs.org.br\/academy\/wp-json\/wp\/v2\/comments?post=99827"}],"version-history":[{"count":2,"href":"https:\/\/acs.org.br\/academy\/wp-json\/wp\/v2\/posts\/99827\/revisions"}],"predecessor-version":[{"id":99830,"href":"https:\/\/acs.org.br\/academy\/wp-json\/wp\/v2\/posts\/99827\/revisions\/99830"}],"wp:attachment":[{"href":"https:\/\/acs.org.br\/academy\/wp-json\/wp\/v2\/media?parent=99827"}],"wp:term":[{"taxonomy":"category","embeddable":true,"href":"https:\/\/acs.org.br\/academy\/wp-json\/wp\/v2\/categories?post=99827"},{"taxonomy":"post_tag","embeddable":true,"href":"https:\/\/acs.org.br\/academy\/wp-json\/wp\/v2\/tags?post=99827"}],"curies":[{"name":"wp","href":"https:\/\/api.w.org\/{rel}","templated":true}]}}