{"id":99821,"date":"2021-09-14T10:26:53","date_gmt":"2021-09-14T13:26:53","guid":{"rendered":"https:\/\/acs.org.br\/antigo\/?p=99821"},"modified":"2021-09-14T10:26:53","modified_gmt":"2021-09-14T13:26:53","slug":"cafe-conselho-nacional-do-cafe-destaca-uniao-da-cadeia-para-auxiliar-produtor-rural","status":"publish","type":"post","link":"https:\/\/acs.org.br\/academy\/cafe-conselho-nacional-do-cafe-destaca-uniao-da-cadeia-para-auxiliar-produtor-rural\/","title":{"rendered":"CAF\u00c9: Conselho Nacional do Caf\u00e9 destaca uni\u00e3o da cadeia para auxiliar produtor rural"},"content":{"rendered":"<p>Fonte: Caf\u00e9 Point<\/p>\n<p>O Conselho Nacional do Caf\u00e9 (CNC) aponta uma preocupa\u00e7\u00e3o com o produtor rural, principalmente ap\u00f3s as severas geadas de 20 de julho, fato que n\u00e3o se via h\u00e1 27 anos. Al\u00e9m disso, a seca e a crise h\u00eddrica que comprometem a safra de caf\u00e9 de 2022\/2023 tamb\u00e9m s\u00e3o motivo de aten\u00e7\u00e3o.<\/p>\n<p><a href=\"https:\/\/www.cafepoint.com.br\/noticias\/giro-de-noticias\/conselho-nacional-do-cafe-destaca-uniao-da-cadeia-para-auxiliar-produtor-rural-227216\/\">LEIA MAIS&#8230;<\/a><\/p>\n<p>&nbsp;<\/p>\n","protected":false},"excerpt":{"rendered":"<p>Fonte: Caf\u00e9 Point O Conselho Nacional do Caf\u00e9 (CNC) aponta uma preocupa\u00e7\u00e3o com o produtor rural, principalmente ap\u00f3s as severas geadas de 20 de julho, fato que n\u00e3o se via h\u00e1 27 anos. Al\u00e9m disso, a seca e a crise h\u00eddrica que comprometem a safra de caf\u00e9 de 2022\/2023 tamb\u00e9m s\u00e3o motivo de aten\u00e7\u00e3o. LEIA [&hellip;]<\/p>\n","protected":false},"author":3,"featured_media":0,"comment_status":"open","ping_status":"open","sticky":false,"template":"","format":"standard","meta":{"footnotes":""},"categories":[105],"tags":[],"_links":{"self":[{"href":"https:\/\/acs.org.br\/academy\/wp-json\/wp\/v2\/posts\/99821"}],"collection":[{"href":"https:\/\/acs.org.br\/academy\/wp-json\/wp\/v2\/posts"}],"about":[{"href":"https:\/\/acs.org.br\/academy\/wp-json\/wp\/v2\/types\/post"}],"author":[{"embeddable":true,"href":"https:\/\/acs.org.br\/academy\/wp-json\/wp\/v2\/users\/3"}],"replies":[{"embeddable":true,"href":"https:\/\/acs.org.br\/academy\/wp-json\/wp\/v2\/comments?post=99821"}],"version-history":[{"count":1,"href":"https:\/\/acs.org.br\/academy\/wp-json\/wp\/v2\/posts\/99821\/revisions"}],"predecessor-version":[{"id":99822,"href":"https:\/\/acs.org.br\/academy\/wp-json\/wp\/v2\/posts\/99821\/revisions\/99822"}],"wp:attachment":[{"href":"https:\/\/acs.org.br\/academy\/wp-json\/wp\/v2\/media?parent=99821"}],"wp:term":[{"taxonomy":"category","embeddable":true,"href":"https:\/\/acs.org.br\/academy\/wp-json\/wp\/v2\/categories?post=99821"},{"taxonomy":"post_tag","embeddable":true,"href":"https:\/\/acs.org.br\/academy\/wp-json\/wp\/v2\/tags?post=99821"}],"curies":[{"name":"wp","href":"https:\/\/api.w.org\/{rel}","templated":true}]}}