{"id":99817,"date":"2021-09-14T10:23:54","date_gmt":"2021-09-14T13:23:54","guid":{"rendered":"https:\/\/acs.org.br\/antigo\/?p=99817"},"modified":"2021-09-14T10:25:41","modified_gmt":"2021-09-14T13:25:41","slug":"cafe-cooperativas-confirmam-baixa-no-recebimento-de-cafe-arabica","status":"publish","type":"post","link":"https:\/\/acs.org.br\/academy\/cafe-cooperativas-confirmam-baixa-no-recebimento-de-cafe-arabica\/","title":{"rendered":"CAF\u00c9: Cooperativas confirmam baixa no recebimento de caf\u00e9 ar\u00e1bica"},"content":{"rendered":"<p>Fonte: Valor Econ\u00f4mico<\/p>\n<p>Todos os dias, caminh\u00f5es desembarcam sacas e sacas de caf\u00e9 ar\u00e1bica nas principais cooperativas que recebem o gr\u00e3o no Brasil. Mas \u00e9 nesta \u00e9poca do ano, quando a colheita vai chegando ao fim nas principais regi\u00f5es produtoras &#8211; casos de Minas Gerais e S\u00e3o Paulo -, que esses grupos conseguem ajustar suas expectativas iniciais \u00e0s entregas que, de fato, ser\u00e3o contabilizadas at\u00e9 o fim do ano.<\/p>\n<p><a href=\"https:\/\/acs.org.br\/antigo\/wp-content\/uploads\/2021\/09\/ARABICA-14.pdf\">LEIA MAIS&#8230;<\/a><\/p>\n","protected":false},"excerpt":{"rendered":"<p>Fonte: Valor Econ\u00f4mico Todos os dias, caminh\u00f5es desembarcam sacas e sacas de caf\u00e9 ar\u00e1bica nas principais cooperativas que recebem o gr\u00e3o no Brasil. Mas \u00e9 nesta \u00e9poca do ano, quando a colheita vai chegando ao fim nas principais regi\u00f5es produtoras &#8211; casos de Minas Gerais e S\u00e3o Paulo -, que esses grupos conseguem ajustar suas [&hellip;]<\/p>\n","protected":false},"author":3,"featured_media":99820,"comment_status":"open","ping_status":"open","sticky":false,"template":"","format":"standard","meta":{"footnotes":""},"categories":[105],"tags":[],"_links":{"self":[{"href":"https:\/\/acs.org.br\/academy\/wp-json\/wp\/v2\/posts\/99817"}],"collection":[{"href":"https:\/\/acs.org.br\/academy\/wp-json\/wp\/v2\/posts"}],"about":[{"href":"https:\/\/acs.org.br\/academy\/wp-json\/wp\/v2\/types\/post"}],"author":[{"embeddable":true,"href":"https:\/\/acs.org.br\/academy\/wp-json\/wp\/v2\/users\/3"}],"replies":[{"embeddable":true,"href":"https:\/\/acs.org.br\/academy\/wp-json\/wp\/v2\/comments?post=99817"}],"version-history":[{"count":1,"href":"https:\/\/acs.org.br\/academy\/wp-json\/wp\/v2\/posts\/99817\/revisions"}],"predecessor-version":[{"id":99819,"href":"https:\/\/acs.org.br\/academy\/wp-json\/wp\/v2\/posts\/99817\/revisions\/99819"}],"wp:featuredmedia":[{"embeddable":true,"href":"https:\/\/acs.org.br\/academy\/wp-json\/wp\/v2\/media\/99820"}],"wp:attachment":[{"href":"https:\/\/acs.org.br\/academy\/wp-json\/wp\/v2\/media?parent=99817"}],"wp:term":[{"taxonomy":"category","embeddable":true,"href":"https:\/\/acs.org.br\/academy\/wp-json\/wp\/v2\/categories?post=99817"},{"taxonomy":"post_tag","embeddable":true,"href":"https:\/\/acs.org.br\/academy\/wp-json\/wp\/v2\/tags?post=99817"}],"curies":[{"name":"wp","href":"https:\/\/api.w.org\/{rel}","templated":true}]}}