{"id":99803,"date":"2021-09-14T09:57:01","date_gmt":"2021-09-14T12:57:01","guid":{"rendered":"https:\/\/acs.org.br\/antigo\/?p=99803"},"modified":"2021-09-14T10:19:37","modified_gmt":"2021-09-14T13:19:37","slug":"porto-antaq-publica-aviso-de-realizacao-do-leilao-dos-terminais-portuarios-sts08-e-sts08a-no-porto-de-santos","status":"publish","type":"post","link":"https:\/\/acs.org.br\/academy\/porto-antaq-publica-aviso-de-realizacao-do-leilao-dos-terminais-portuarios-sts08-e-sts08a-no-porto-de-santos\/","title":{"rendered":"PORTO: Antaq publica aviso de realiza\u00e7\u00e3o do leil\u00e3o dos terminais portu\u00e1rios STS08 e STS08A, no Porto de Santos"},"content":{"rendered":"<p>Fonte: Ag\u00eancia Porto<\/p>\n<p>A Ag\u00eancia Nacional de Transportes Aquavi\u00e1rios (ANTAQ) publicou, nesta segunda-feira (13\/9), o aviso de realiza\u00e7\u00e3o do leil\u00e3o para arrendamento dos terminais portu\u00e1rios STS08 e STS08A, localizados no Porto de Santos\/SP, para movimenta\u00e7\u00e3o, armazenagem e distribui\u00e7\u00e3o de gran\u00e9is l\u00edquidos (combust\u00edveis).<\/p>\n<p><a href=\"http:\/\/agenciaporto.com\/antaq-publica-aviso-de-realizacao-do-leilao-dos-terminais-portuarios-sts08-e-sts08a-no-porto-de-santos\/\">LEIA MAIS&#8230;<\/a><\/p>\n<p>&nbsp;<\/p>\n","protected":false},"excerpt":{"rendered":"<p>Fonte: Ag\u00eancia Porto A Ag\u00eancia Nacional de Transportes Aquavi\u00e1rios (ANTAQ) publicou, nesta segunda-feira (13\/9), o aviso de realiza\u00e7\u00e3o do leil\u00e3o para arrendamento dos terminais portu\u00e1rios STS08 e STS08A, localizados no Porto de Santos\/SP, para movimenta\u00e7\u00e3o, armazenagem e distribui\u00e7\u00e3o de gran\u00e9is l\u00edquidos (combust\u00edveis). LEIA MAIS&#8230; &nbsp;<\/p>\n","protected":false},"author":3,"featured_media":0,"comment_status":"open","ping_status":"open","sticky":false,"template":"","format":"standard","meta":{"footnotes":""},"categories":[105],"tags":[],"_links":{"self":[{"href":"https:\/\/acs.org.br\/academy\/wp-json\/wp\/v2\/posts\/99803"}],"collection":[{"href":"https:\/\/acs.org.br\/academy\/wp-json\/wp\/v2\/posts"}],"about":[{"href":"https:\/\/acs.org.br\/academy\/wp-json\/wp\/v2\/types\/post"}],"author":[{"embeddable":true,"href":"https:\/\/acs.org.br\/academy\/wp-json\/wp\/v2\/users\/3"}],"replies":[{"embeddable":true,"href":"https:\/\/acs.org.br\/academy\/wp-json\/wp\/v2\/comments?post=99803"}],"version-history":[{"count":5,"href":"https:\/\/acs.org.br\/academy\/wp-json\/wp\/v2\/posts\/99803\/revisions"}],"predecessor-version":[{"id":99813,"href":"https:\/\/acs.org.br\/academy\/wp-json\/wp\/v2\/posts\/99803\/revisions\/99813"}],"wp:attachment":[{"href":"https:\/\/acs.org.br\/academy\/wp-json\/wp\/v2\/media?parent=99803"}],"wp:term":[{"taxonomy":"category","embeddable":true,"href":"https:\/\/acs.org.br\/academy\/wp-json\/wp\/v2\/categories?post=99803"},{"taxonomy":"post_tag","embeddable":true,"href":"https:\/\/acs.org.br\/academy\/wp-json\/wp\/v2\/tags?post=99803"}],"curies":[{"name":"wp","href":"https:\/\/api.w.org\/{rel}","templated":true}]}}