{"id":99798,"date":"2021-09-14T09:48:07","date_gmt":"2021-09-14T12:48:07","guid":{"rendered":"https:\/\/acs.org.br\/antigo\/?p=99798"},"modified":"2021-09-14T09:48:07","modified_gmt":"2021-09-14T12:48:07","slug":"comercio-exterior-exportacoes-do-agronegocio-atingem-us-109-bilhoes-em-agosto","status":"publish","type":"post","link":"https:\/\/acs.org.br\/academy\/comercio-exterior-exportacoes-do-agronegocio-atingem-us-109-bilhoes-em-agosto\/","title":{"rendered":"COM\u00c9RCIO EXTERIOR: Exporta\u00e7\u00f5es do agroneg\u00f3cio atingem US$ 10,9 bilh\u00f5es em agosto"},"content":{"rendered":"<p>Fonte: Ag\u00eancia Porto<\/p>\n<p>A balan\u00e7a comercial do agroneg\u00f3cio registrou valor recorde no m\u00eas de agosto, motivada, principalmente, pela alta dos pre\u00e7os internacionais das commodities exportadas pelo Brasil.<\/p>\n<p><a href=\"http:\/\/agenciaporto.com\/exportacoes-do-agronegocio-atingem-us-109-bilhoes-em-agosto\/\">LEIA MAIS&#8230;<\/a><\/p>\n<p>&nbsp;<\/p>\n","protected":false},"excerpt":{"rendered":"<p>Fonte: Ag\u00eancia Porto A balan\u00e7a comercial do agroneg\u00f3cio registrou valor recorde no m\u00eas de agosto, motivada, principalmente, pela alta dos pre\u00e7os internacionais das commodities exportadas pelo Brasil. LEIA MAIS&#8230; &nbsp;<\/p>\n","protected":false},"author":3,"featured_media":0,"comment_status":"open","ping_status":"open","sticky":false,"template":"","format":"standard","meta":{"footnotes":""},"categories":[105],"tags":[],"_links":{"self":[{"href":"https:\/\/acs.org.br\/academy\/wp-json\/wp\/v2\/posts\/99798"}],"collection":[{"href":"https:\/\/acs.org.br\/academy\/wp-json\/wp\/v2\/posts"}],"about":[{"href":"https:\/\/acs.org.br\/academy\/wp-json\/wp\/v2\/types\/post"}],"author":[{"embeddable":true,"href":"https:\/\/acs.org.br\/academy\/wp-json\/wp\/v2\/users\/3"}],"replies":[{"embeddable":true,"href":"https:\/\/acs.org.br\/academy\/wp-json\/wp\/v2\/comments?post=99798"}],"version-history":[{"count":1,"href":"https:\/\/acs.org.br\/academy\/wp-json\/wp\/v2\/posts\/99798\/revisions"}],"predecessor-version":[{"id":99799,"href":"https:\/\/acs.org.br\/academy\/wp-json\/wp\/v2\/posts\/99798\/revisions\/99799"}],"wp:attachment":[{"href":"https:\/\/acs.org.br\/academy\/wp-json\/wp\/v2\/media?parent=99798"}],"wp:term":[{"taxonomy":"category","embeddable":true,"href":"https:\/\/acs.org.br\/academy\/wp-json\/wp\/v2\/categories?post=99798"},{"taxonomy":"post_tag","embeddable":true,"href":"https:\/\/acs.org.br\/academy\/wp-json\/wp\/v2\/tags?post=99798"}],"curies":[{"name":"wp","href":"https:\/\/api.w.org\/{rel}","templated":true}]}}