{"id":99795,"date":"2021-09-14T09:44:59","date_gmt":"2021-09-14T12:44:59","guid":{"rendered":"https:\/\/acs.org.br\/antigo\/?p=99795"},"modified":"2021-09-14T09:44:59","modified_gmt":"2021-09-14T12:44:59","slug":"economia-cidade-de-sao-paulo-bate-recorde-historico-de-venda-de-imoveis-em-meio-a-pandemia-especialista-ve-contradicao","status":"publish","type":"post","link":"https:\/\/acs.org.br\/academy\/economia-cidade-de-sao-paulo-bate-recorde-historico-de-venda-de-imoveis-em-meio-a-pandemia-especialista-ve-contradicao\/","title":{"rendered":"ECONOMIA: Cidade de S\u00e3o Paulo bate recorde hist\u00f3rico de venda de im\u00f3veis em meio \u00e0 pandemia; especialista v\u00ea contradi\u00e7\u00e3o"},"content":{"rendered":"<p>Fonte: G1<\/p>\n<p>\u00c9 dif\u00edcil andar pela cidade de S\u00e3o Paulo e n\u00e3o encontrar uma obra de um pr\u00e9dio. Durante a pandemia, cerca de 47 mil novos im\u00f3veis foram vendidos se somados os primeiros semestres de 2020 e de 2021, de acordo com um levantamento realizado pelo G1 a partir de dados da Pesquisa do Mercado Imobili\u00e1rio, realizada pelo Sindicato das Empresas de Compra, Venda, Loca\u00e7\u00e3o e Administra\u00e7\u00e3o de Im\u00f3veis Residenciais e Comerciais de S\u00e3o Paulo (Secovi-SP).<\/p>\n<p><a href=\"https:\/\/g1.globo.com\/sp\/sao-paulo\/noticia\/2021\/09\/14\/cidade-de-sao-paulo-bate-recorde-historico-de-venda-de-imoveis-em-meio-a-pandemia-especialista-ve-contradicao.ghtml\">LEIA MAIS&#8230;<\/a><\/p>\n<p>&nbsp;<\/p>\n","protected":false},"excerpt":{"rendered":"<p>Fonte: G1 \u00c9 dif\u00edcil andar pela cidade de S\u00e3o Paulo e n\u00e3o encontrar uma obra de um pr\u00e9dio. Durante a pandemia, cerca de 47 mil novos im\u00f3veis foram vendidos se somados os primeiros semestres de 2020 e de 2021, de acordo com um levantamento realizado pelo G1 a partir de dados da Pesquisa do Mercado [&hellip;]<\/p>\n","protected":false},"author":3,"featured_media":0,"comment_status":"open","ping_status":"open","sticky":false,"template":"","format":"standard","meta":{"footnotes":""},"categories":[105],"tags":[],"_links":{"self":[{"href":"https:\/\/acs.org.br\/academy\/wp-json\/wp\/v2\/posts\/99795"}],"collection":[{"href":"https:\/\/acs.org.br\/academy\/wp-json\/wp\/v2\/posts"}],"about":[{"href":"https:\/\/acs.org.br\/academy\/wp-json\/wp\/v2\/types\/post"}],"author":[{"embeddable":true,"href":"https:\/\/acs.org.br\/academy\/wp-json\/wp\/v2\/users\/3"}],"replies":[{"embeddable":true,"href":"https:\/\/acs.org.br\/academy\/wp-json\/wp\/v2\/comments?post=99795"}],"version-history":[{"count":2,"href":"https:\/\/acs.org.br\/academy\/wp-json\/wp\/v2\/posts\/99795\/revisions"}],"predecessor-version":[{"id":99797,"href":"https:\/\/acs.org.br\/academy\/wp-json\/wp\/v2\/posts\/99795\/revisions\/99797"}],"wp:attachment":[{"href":"https:\/\/acs.org.br\/academy\/wp-json\/wp\/v2\/media?parent=99795"}],"wp:term":[{"taxonomy":"category","embeddable":true,"href":"https:\/\/acs.org.br\/academy\/wp-json\/wp\/v2\/categories?post=99795"},{"taxonomy":"post_tag","embeddable":true,"href":"https:\/\/acs.org.br\/academy\/wp-json\/wp\/v2\/tags?post=99795"}],"curies":[{"name":"wp","href":"https:\/\/api.w.org\/{rel}","templated":true}]}}