{"id":99792,"date":"2021-09-14T08:15:06","date_gmt":"2021-09-14T11:15:06","guid":{"rendered":"https:\/\/acs.org.br\/antigo\/?p=99792"},"modified":"2021-09-14T08:15:06","modified_gmt":"2021-09-14T11:15:06","slug":"saude-regiao-ja-tem-pfizer-para-2a-dose","status":"publish","type":"post","link":"https:\/\/acs.org.br\/academy\/saude-regiao-ja-tem-pfizer-para-2a-dose\/","title":{"rendered":"SA\u00daDE: Regi\u00e3o j\u00e1 tem Pfizer para 2\u00aa dose"},"content":{"rendered":"<p>Fonte: A Tribuna<\/p>\n<p>A Secretaria Estadual da Sa\u00fade enviou ontem, \u00e0s prefeituras da Baixada Santista, as vacinas da Pfizer contra a covid-19 para garantir a prote\u00e7\u00e3o daqueles que deveriam ter recebido a segunda dose da AstraZeneca\/Oxford entre os dias 1o deste m\u00eas e amanh\u00e3.<\/p>\n<p><a href=\"https:\/\/acs.org.br\/antigo\/wp-content\/uploads\/2021\/09\/SAUDE1409.pdf\">LEIA MAIS&#8230;<\/a><\/p>\n","protected":false},"excerpt":{"rendered":"<p>Fonte: A Tribuna A Secretaria Estadual da Sa\u00fade enviou ontem, \u00e0s prefeituras da Baixada Santista, as vacinas da Pfizer contra a covid-19 para garantir a prote\u00e7\u00e3o daqueles que deveriam ter recebido a segunda dose da AstraZeneca\/Oxford entre os dias 1o deste m\u00eas e amanh\u00e3. LEIA MAIS&#8230;<\/p>\n","protected":false},"author":2,"featured_media":0,"comment_status":"open","ping_status":"open","sticky":false,"template":"","format":"standard","meta":{"footnotes":""},"categories":[105],"tags":[],"_links":{"self":[{"href":"https:\/\/acs.org.br\/academy\/wp-json\/wp\/v2\/posts\/99792"}],"collection":[{"href":"https:\/\/acs.org.br\/academy\/wp-json\/wp\/v2\/posts"}],"about":[{"href":"https:\/\/acs.org.br\/academy\/wp-json\/wp\/v2\/types\/post"}],"author":[{"embeddable":true,"href":"https:\/\/acs.org.br\/academy\/wp-json\/wp\/v2\/users\/2"}],"replies":[{"embeddable":true,"href":"https:\/\/acs.org.br\/academy\/wp-json\/wp\/v2\/comments?post=99792"}],"version-history":[{"count":1,"href":"https:\/\/acs.org.br\/academy\/wp-json\/wp\/v2\/posts\/99792\/revisions"}],"predecessor-version":[{"id":99793,"href":"https:\/\/acs.org.br\/academy\/wp-json\/wp\/v2\/posts\/99792\/revisions\/99793"}],"wp:attachment":[{"href":"https:\/\/acs.org.br\/academy\/wp-json\/wp\/v2\/media?parent=99792"}],"wp:term":[{"taxonomy":"category","embeddable":true,"href":"https:\/\/acs.org.br\/academy\/wp-json\/wp\/v2\/categories?post=99792"},{"taxonomy":"post_tag","embeddable":true,"href":"https:\/\/acs.org.br\/academy\/wp-json\/wp\/v2\/tags?post=99792"}],"curies":[{"name":"wp","href":"https:\/\/api.w.org\/{rel}","templated":true}]}}