{"id":99785,"date":"2021-09-14T08:07:46","date_gmt":"2021-09-14T11:07:46","guid":{"rendered":"https:\/\/acs.org.br\/antigo\/?p=99785"},"modified":"2021-09-14T08:07:46","modified_gmt":"2021-09-14T11:07:46","slug":"porto-exportacao-de-cafe-pelo-porto-recua","status":"publish","type":"post","link":"https:\/\/acs.org.br\/academy\/porto-exportacao-de-cafe-pelo-porto-recua\/","title":{"rendered":"PORTO: Exporta\u00e7\u00e3o de caf\u00e9 pelo Porto recua"},"content":{"rendered":"<p>Fonte: A Tribuna<\/p>\n<p>Mais de 20,4 milh\u00f5es de sacas de 60 quilos de caf\u00e9 foram embarcadas no Porto de Santos com destino ao mercado internacional entre janeiro e agosto. Em rela\u00e7\u00e3o ao mesmo per\u00edodo do ano passado, houve uma queda de 3,4% nos embarques.<\/p>\n<p><a href=\"https:\/\/acs.org.br\/antigo\/wp-content\/uploads\/2021\/09\/PORTO1409.pdf\">LEIA MAIS&#8230;\u00a0<\/a><\/p>\n","protected":false},"excerpt":{"rendered":"<p>Fonte: A Tribuna Mais de 20,4 milh\u00f5es de sacas de 60 quilos de caf\u00e9 foram embarcadas no Porto de Santos com destino ao mercado internacional entre janeiro e agosto. Em rela\u00e7\u00e3o ao mesmo per\u00edodo do ano passado, houve uma queda de 3,4% nos embarques. LEIA MAIS&#8230;\u00a0<\/p>\n","protected":false},"author":2,"featured_media":0,"comment_status":"open","ping_status":"open","sticky":false,"template":"","format":"standard","meta":{"footnotes":""},"categories":[105],"tags":[],"_links":{"self":[{"href":"https:\/\/acs.org.br\/academy\/wp-json\/wp\/v2\/posts\/99785"}],"collection":[{"href":"https:\/\/acs.org.br\/academy\/wp-json\/wp\/v2\/posts"}],"about":[{"href":"https:\/\/acs.org.br\/academy\/wp-json\/wp\/v2\/types\/post"}],"author":[{"embeddable":true,"href":"https:\/\/acs.org.br\/academy\/wp-json\/wp\/v2\/users\/2"}],"replies":[{"embeddable":true,"href":"https:\/\/acs.org.br\/academy\/wp-json\/wp\/v2\/comments?post=99785"}],"version-history":[{"count":1,"href":"https:\/\/acs.org.br\/academy\/wp-json\/wp\/v2\/posts\/99785\/revisions"}],"predecessor-version":[{"id":99787,"href":"https:\/\/acs.org.br\/academy\/wp-json\/wp\/v2\/posts\/99785\/revisions\/99787"}],"wp:attachment":[{"href":"https:\/\/acs.org.br\/academy\/wp-json\/wp\/v2\/media?parent=99785"}],"wp:term":[{"taxonomy":"category","embeddable":true,"href":"https:\/\/acs.org.br\/academy\/wp-json\/wp\/v2\/categories?post=99785"},{"taxonomy":"post_tag","embeddable":true,"href":"https:\/\/acs.org.br\/academy\/wp-json\/wp\/v2\/tags?post=99785"}],"curies":[{"name":"wp","href":"https:\/\/api.w.org\/{rel}","templated":true}]}}