{"id":99777,"date":"2021-09-13T11:48:05","date_gmt":"2021-09-13T14:48:05","guid":{"rendered":"https:\/\/acs.org.br\/antigo\/?p=99777"},"modified":"2021-09-13T11:48:05","modified_gmt":"2021-09-13T14:48:05","slug":"cafe-sebrae-e-embrapa-oferecem-inovacao-e-gestao-aos-pequenos-negocios","status":"publish","type":"post","link":"https:\/\/acs.org.br\/academy\/cafe-sebrae-e-embrapa-oferecem-inovacao-e-gestao-aos-pequenos-negocios\/","title":{"rendered":"CAF\u00c9: Sebrae e Embrapa oferecem inova\u00e7\u00e3o e gest\u00e3o aos pequenos neg\u00f3cios"},"content":{"rendered":"<p>Fonte: Caf\u00e9 Point<\/p>\n<p>O Sebrae, em parceria com a Embrapa, estruturou o projeto \u201cIntelig\u00eancia Estrat\u00e9gica para Pequenos Neg\u00f3cios Rurais\u201d, com o intuito de auxiliar pequenos produtores em 10 diferentes segmentos do agroneg\u00f3cio.<\/p>\n<p><a href=\"https:\/\/www.cafepoint.com.br\/noticias\/giro-de-noticias\/sebrae-e-embrapa-oferecem-inovacao-e-gestao-aos-pequenos-negocios-227197\/\">LEIA MAIS&#8230;<\/a><\/p>\n<p>&nbsp;<\/p>\n","protected":false},"excerpt":{"rendered":"<p>Fonte: Caf\u00e9 Point O Sebrae, em parceria com a Embrapa, estruturou o projeto \u201cIntelig\u00eancia Estrat\u00e9gica para Pequenos Neg\u00f3cios Rurais\u201d, com o intuito de auxiliar pequenos produtores em 10 diferentes segmentos do agroneg\u00f3cio. LEIA MAIS&#8230; &nbsp;<\/p>\n","protected":false},"author":3,"featured_media":0,"comment_status":"open","ping_status":"open","sticky":false,"template":"","format":"standard","meta":{"footnotes":""},"categories":[105],"tags":[],"_links":{"self":[{"href":"https:\/\/acs.org.br\/academy\/wp-json\/wp\/v2\/posts\/99777"}],"collection":[{"href":"https:\/\/acs.org.br\/academy\/wp-json\/wp\/v2\/posts"}],"about":[{"href":"https:\/\/acs.org.br\/academy\/wp-json\/wp\/v2\/types\/post"}],"author":[{"embeddable":true,"href":"https:\/\/acs.org.br\/academy\/wp-json\/wp\/v2\/users\/3"}],"replies":[{"embeddable":true,"href":"https:\/\/acs.org.br\/academy\/wp-json\/wp\/v2\/comments?post=99777"}],"version-history":[{"count":1,"href":"https:\/\/acs.org.br\/academy\/wp-json\/wp\/v2\/posts\/99777\/revisions"}],"predecessor-version":[{"id":99778,"href":"https:\/\/acs.org.br\/academy\/wp-json\/wp\/v2\/posts\/99777\/revisions\/99778"}],"wp:attachment":[{"href":"https:\/\/acs.org.br\/academy\/wp-json\/wp\/v2\/media?parent=99777"}],"wp:term":[{"taxonomy":"category","embeddable":true,"href":"https:\/\/acs.org.br\/academy\/wp-json\/wp\/v2\/categories?post=99777"},{"taxonomy":"post_tag","embeddable":true,"href":"https:\/\/acs.org.br\/academy\/wp-json\/wp\/v2\/tags?post=99777"}],"curies":[{"name":"wp","href":"https:\/\/api.w.org\/{rel}","templated":true}]}}