{"id":99774,"date":"2021-09-13T11:43:23","date_gmt":"2021-09-13T14:43:23","guid":{"rendered":"https:\/\/acs.org.br\/antigo\/?p=99774"},"modified":"2021-09-13T11:46:48","modified_gmt":"2021-09-13T14:46:48","slug":"cafe-colombia-assina-acordo-para-reduzir-efeitos-das-mudancas-climaticas-no-setor-cafeeiro","status":"publish","type":"post","link":"https:\/\/acs.org.br\/academy\/cafe-colombia-assina-acordo-para-reduzir-efeitos-das-mudancas-climaticas-no-setor-cafeeiro\/","title":{"rendered":"CAF\u00c9: Col\u00f4mbia assina acordo para reduzir efeitos das mudan\u00e7as clim\u00e1ticas no setor cafeeiro"},"content":{"rendered":"<p>Fonte: Caf\u00e9 Point<\/p>\n<p>O governo colombiano assinou o Acordo Caf\u00e9, Floresta e Clima, representando os exportadores, produtores e sociedade civil do pa\u00eds, e sendo um marco nos esfor\u00e7os contra a mudan\u00e7a clim\u00e1tica no setor cafeeiro.<\/p>\n<p><a href=\"https:\/\/www.cafepoint.com.br\/noticias\/giro-de-noticias\/colombia-assina-acordo-para-reduzir-efeitos-das-mudancas-climaticas-no-setor-cafeeiro-227193\/\">LEIA MAIS&#8230;<\/a><\/p>\n<p>&nbsp;<\/p>\n","protected":false},"excerpt":{"rendered":"<p>Fonte: Caf\u00e9 Point O governo colombiano assinou o Acordo Caf\u00e9, Floresta e Clima, representando os exportadores, produtores e sociedade civil do pa\u00eds, e sendo um marco nos esfor\u00e7os contra a mudan\u00e7a clim\u00e1tica no setor cafeeiro. LEIA MAIS&#8230; &nbsp;<\/p>\n","protected":false},"author":3,"featured_media":0,"comment_status":"open","ping_status":"open","sticky":false,"template":"","format":"standard","meta":{"footnotes":""},"categories":[105],"tags":[],"_links":{"self":[{"href":"https:\/\/acs.org.br\/academy\/wp-json\/wp\/v2\/posts\/99774"}],"collection":[{"href":"https:\/\/acs.org.br\/academy\/wp-json\/wp\/v2\/posts"}],"about":[{"href":"https:\/\/acs.org.br\/academy\/wp-json\/wp\/v2\/types\/post"}],"author":[{"embeddable":true,"href":"https:\/\/acs.org.br\/academy\/wp-json\/wp\/v2\/users\/3"}],"replies":[{"embeddable":true,"href":"https:\/\/acs.org.br\/academy\/wp-json\/wp\/v2\/comments?post=99774"}],"version-history":[{"count":2,"href":"https:\/\/acs.org.br\/academy\/wp-json\/wp\/v2\/posts\/99774\/revisions"}],"predecessor-version":[{"id":99776,"href":"https:\/\/acs.org.br\/academy\/wp-json\/wp\/v2\/posts\/99774\/revisions\/99776"}],"wp:attachment":[{"href":"https:\/\/acs.org.br\/academy\/wp-json\/wp\/v2\/media?parent=99774"}],"wp:term":[{"taxonomy":"category","embeddable":true,"href":"https:\/\/acs.org.br\/academy\/wp-json\/wp\/v2\/categories?post=99774"},{"taxonomy":"post_tag","embeddable":true,"href":"https:\/\/acs.org.br\/academy\/wp-json\/wp\/v2\/tags?post=99774"}],"curies":[{"name":"wp","href":"https:\/\/api.w.org\/{rel}","templated":true}]}}