{"id":99772,"date":"2021-09-13T11:36:59","date_gmt":"2021-09-13T14:36:59","guid":{"rendered":"https:\/\/acs.org.br\/antigo\/?p=99772"},"modified":"2021-09-13T11:37:24","modified_gmt":"2021-09-13T14:37:24","slug":"comercio-exterior-ministros-do-brasil-e-do-uruguai-debatem-acoes-para-fortalecer-a-defesa-sanitaria-entre-os-paises","status":"publish","type":"post","link":"https:\/\/acs.org.br\/academy\/comercio-exterior-ministros-do-brasil-e-do-uruguai-debatem-acoes-para-fortalecer-a-defesa-sanitaria-entre-os-paises\/","title":{"rendered":"COM\u00c9RCIO EXTERIOR: Ministros do Brasil e do Uruguai debatem a\u00e7\u00f5es para fortalecer a defesa sanit\u00e1ria entre os pa\u00edses"},"content":{"rendered":"<p>Fonte: Informativo Portu\u00e1rio<\/p>\n<p>A Ministra da Agricultura, Pecu\u00e1ria e Abastecimento do Brasil, Tereza Cristina, e o ministro da Pecu\u00e1ria, Agricultura e Pesca do Uruguai, Fernando Mattos, conversaram nesta sexta-feira (10) sobre a\u00e7\u00f5es para fortalecer a coopera\u00e7\u00e3o na \u00e1rea de defesa sanit\u00e1ria e de vigil\u00e2ncia sanit\u00e1ria na fronteira entre os dois pa\u00edses.<\/p>\n<p><a href=\"https:\/\/www.informativodosportos.com.br\/ministros-do-brasil-e-do-uruguai-debatem-acoes-para-fortalecer-a-defesa-sanitaria-entre-os-paises\/\">LEIA MAIS&#8230;<\/a><\/p>\n","protected":false},"excerpt":{"rendered":"<p>Fonte: Informativo Portu\u00e1rio A Ministra da Agricultura, Pecu\u00e1ria e Abastecimento do Brasil, Tereza Cristina, e o ministro da Pecu\u00e1ria, Agricultura e Pesca do Uruguai, Fernando Mattos, conversaram nesta sexta-feira (10) sobre a\u00e7\u00f5es para fortalecer a coopera\u00e7\u00e3o na \u00e1rea de defesa sanit\u00e1ria e de vigil\u00e2ncia sanit\u00e1ria na fronteira entre os dois pa\u00edses. LEIA MAIS&#8230;<\/p>\n","protected":false},"author":3,"featured_media":0,"comment_status":"open","ping_status":"open","sticky":false,"template":"","format":"standard","meta":{"footnotes":""},"categories":[105],"tags":[],"_links":{"self":[{"href":"https:\/\/acs.org.br\/academy\/wp-json\/wp\/v2\/posts\/99772"}],"collection":[{"href":"https:\/\/acs.org.br\/academy\/wp-json\/wp\/v2\/posts"}],"about":[{"href":"https:\/\/acs.org.br\/academy\/wp-json\/wp\/v2\/types\/post"}],"author":[{"embeddable":true,"href":"https:\/\/acs.org.br\/academy\/wp-json\/wp\/v2\/users\/3"}],"replies":[{"embeddable":true,"href":"https:\/\/acs.org.br\/academy\/wp-json\/wp\/v2\/comments?post=99772"}],"version-history":[{"count":1,"href":"https:\/\/acs.org.br\/academy\/wp-json\/wp\/v2\/posts\/99772\/revisions"}],"predecessor-version":[{"id":99773,"href":"https:\/\/acs.org.br\/academy\/wp-json\/wp\/v2\/posts\/99772\/revisions\/99773"}],"wp:attachment":[{"href":"https:\/\/acs.org.br\/academy\/wp-json\/wp\/v2\/media?parent=99772"}],"wp:term":[{"taxonomy":"category","embeddable":true,"href":"https:\/\/acs.org.br\/academy\/wp-json\/wp\/v2\/categories?post=99772"},{"taxonomy":"post_tag","embeddable":true,"href":"https:\/\/acs.org.br\/academy\/wp-json\/wp\/v2\/tags?post=99772"}],"curies":[{"name":"wp","href":"https:\/\/api.w.org\/{rel}","templated":true}]}}