{"id":99770,"date":"2021-09-13T11:33:03","date_gmt":"2021-09-13T14:33:03","guid":{"rendered":"https:\/\/acs.org.br\/antigo\/?p=99770"},"modified":"2021-09-13T11:36:08","modified_gmt":"2021-09-13T14:36:08","slug":"porto-confaz-prorroga-ate-31-de-dezembro-a-isencao-de-icms-sobre-transporte-no-enfrentamento-a-pandemia","status":"publish","type":"post","link":"https:\/\/acs.org.br\/academy\/porto-confaz-prorroga-ate-31-de-dezembro-a-isencao-de-icms-sobre-transporte-no-enfrentamento-a-pandemia\/","title":{"rendered":"PORTO: Confaz prorroga at\u00e9 31 de dezembro a isen\u00e7\u00e3o de ICMS sobre transporte no enfrentamento \u00e0 pandemia"},"content":{"rendered":"<p>Fonte: Informativo Portu\u00e1rio<\/p>\n<p>O Conselho Nacional de Pol\u00edtica Fazend\u00e1ria \u2013 Confaz \u2013 revigorou e prorrogou at\u00e9 31 de dezembro deste ano dois conv\u00eanios editados em 2020 que auxiliaram os contribuintes do Imposto sobre Circula\u00e7\u00e3o de Mercadorias e Servi\u00e7os \u2013 ICMS \u2013 no enfrentamento \u00e0 pandemia da Covid-19. A decis\u00e3o foi tomada na 336\u00aa Reuni\u00e3o Extraordin\u00e1ria Virtual, realizada no \u00faltimo dia 3\/9 pelo colegiado.<\/p>\n<p><a href=\"https:\/\/www.informativodosportos.com.br\/confaz-prorroga-ate-31-de-dezembro-a-isencao-de-icms-sobre-transporte-no-enfrentamento-a-pandemia\/\">LEIA MAIS&#8230;<\/a><\/p>\n","protected":false},"excerpt":{"rendered":"<p>Fonte: Informativo Portu\u00e1rio O Conselho Nacional de Pol\u00edtica Fazend\u00e1ria \u2013 Confaz \u2013 revigorou e prorrogou at\u00e9 31 de dezembro deste ano dois conv\u00eanios editados em 2020 que auxiliaram os contribuintes do Imposto sobre Circula\u00e7\u00e3o de Mercadorias e Servi\u00e7os \u2013 ICMS \u2013 no enfrentamento \u00e0 pandemia da Covid-19. A decis\u00e3o foi tomada na 336\u00aa Reuni\u00e3o Extraordin\u00e1ria [&hellip;]<\/p>\n","protected":false},"author":3,"featured_media":0,"comment_status":"open","ping_status":"open","sticky":false,"template":"","format":"standard","meta":{"footnotes":""},"categories":[105],"tags":[],"_links":{"self":[{"href":"https:\/\/acs.org.br\/academy\/wp-json\/wp\/v2\/posts\/99770"}],"collection":[{"href":"https:\/\/acs.org.br\/academy\/wp-json\/wp\/v2\/posts"}],"about":[{"href":"https:\/\/acs.org.br\/academy\/wp-json\/wp\/v2\/types\/post"}],"author":[{"embeddable":true,"href":"https:\/\/acs.org.br\/academy\/wp-json\/wp\/v2\/users\/3"}],"replies":[{"embeddable":true,"href":"https:\/\/acs.org.br\/academy\/wp-json\/wp\/v2\/comments?post=99770"}],"version-history":[{"count":1,"href":"https:\/\/acs.org.br\/academy\/wp-json\/wp\/v2\/posts\/99770\/revisions"}],"predecessor-version":[{"id":99771,"href":"https:\/\/acs.org.br\/academy\/wp-json\/wp\/v2\/posts\/99770\/revisions\/99771"}],"wp:attachment":[{"href":"https:\/\/acs.org.br\/academy\/wp-json\/wp\/v2\/media?parent=99770"}],"wp:term":[{"taxonomy":"category","embeddable":true,"href":"https:\/\/acs.org.br\/academy\/wp-json\/wp\/v2\/categories?post=99770"},{"taxonomy":"post_tag","embeddable":true,"href":"https:\/\/acs.org.br\/academy\/wp-json\/wp\/v2\/tags?post=99770"}],"curies":[{"name":"wp","href":"https:\/\/api.w.org\/{rel}","templated":true}]}}