{"id":99757,"date":"2021-09-13T10:41:25","date_gmt":"2021-09-13T13:41:25","guid":{"rendered":"https:\/\/acs.org.br\/antigo\/?p=99757"},"modified":"2021-09-13T11:21:52","modified_gmt":"2021-09-13T14:21:52","slug":"economia-mercado-projeta-selic-em-8-em-2021-e-2022-expectativas-para-inflacao-e-pib-pioram","status":"publish","type":"post","link":"https:\/\/acs.org.br\/academy\/economia-mercado-projeta-selic-em-8-em-2021-e-2022-expectativas-para-inflacao-e-pib-pioram\/","title":{"rendered":"ECONOMIA: Mercado projeta Selic em 8% em 2021 e 2022; expectativas para infla\u00e7\u00e3o e PIB pioram"},"content":{"rendered":"<p>Fonte: Valor Invest<\/p>\n<p>As previs\u00f5es constam no Boletim Focus, do Banco Central (BC), divulgado nesta segunda-feira (13). O relat\u00f3rio aponta as estimativas do mercado para os principais indicadores econ\u00f4micos do pa\u00eds.<\/p>\n<p><a href=\"https:\/\/acs.org.br\/antigo\/wp-content\/uploads\/2021\/09\/selic13-1.pdf\">LEIA MAIS&#8230;<\/a><\/p>\n<p>&nbsp;<\/p>\n","protected":false},"excerpt":{"rendered":"<p>Fonte: Valor Invest As previs\u00f5es constam no Boletim Focus, do Banco Central (BC), divulgado nesta segunda-feira (13). O relat\u00f3rio aponta as estimativas do mercado para os principais indicadores econ\u00f4micos do pa\u00eds. LEIA MAIS&#8230; &nbsp;<\/p>\n","protected":false},"author":3,"featured_media":0,"comment_status":"open","ping_status":"open","sticky":false,"template":"","format":"standard","meta":{"footnotes":""},"categories":[105],"tags":[],"_links":{"self":[{"href":"https:\/\/acs.org.br\/academy\/wp-json\/wp\/v2\/posts\/99757"}],"collection":[{"href":"https:\/\/acs.org.br\/academy\/wp-json\/wp\/v2\/posts"}],"about":[{"href":"https:\/\/acs.org.br\/academy\/wp-json\/wp\/v2\/types\/post"}],"author":[{"embeddable":true,"href":"https:\/\/acs.org.br\/academy\/wp-json\/wp\/v2\/users\/3"}],"replies":[{"embeddable":true,"href":"https:\/\/acs.org.br\/academy\/wp-json\/wp\/v2\/comments?post=99757"}],"version-history":[{"count":2,"href":"https:\/\/acs.org.br\/academy\/wp-json\/wp\/v2\/posts\/99757\/revisions"}],"predecessor-version":[{"id":99768,"href":"https:\/\/acs.org.br\/academy\/wp-json\/wp\/v2\/posts\/99757\/revisions\/99768"}],"wp:attachment":[{"href":"https:\/\/acs.org.br\/academy\/wp-json\/wp\/v2\/media?parent=99757"}],"wp:term":[{"taxonomy":"category","embeddable":true,"href":"https:\/\/acs.org.br\/academy\/wp-json\/wp\/v2\/categories?post=99757"},{"taxonomy":"post_tag","embeddable":true,"href":"https:\/\/acs.org.br\/academy\/wp-json\/wp\/v2\/tags?post=99757"}],"curies":[{"name":"wp","href":"https:\/\/api.w.org\/{rel}","templated":true}]}}