{"id":99755,"date":"2021-09-13T10:33:26","date_gmt":"2021-09-13T13:33:26","guid":{"rendered":"https:\/\/acs.org.br\/antigo\/?p=99755"},"modified":"2021-09-13T10:43:15","modified_gmt":"2021-09-13T13:43:15","slug":"economia-em-tres-anos-aumento-no-preco-do-diesel-nos-postos-supera-avanco-da-inflacao","status":"publish","type":"post","link":"https:\/\/acs.org.br\/academy\/economia-em-tres-anos-aumento-no-preco-do-diesel-nos-postos-supera-avanco-da-inflacao\/","title":{"rendered":"ECONOMIA: Em tr\u00eas anos, aumento no pre\u00e7o do diesel nos postos supera avan\u00e7o da infla\u00e7\u00e3o"},"content":{"rendered":"<p>Fonte: CNN\u00a0 Brasil<\/p>\n<p>Um levantamento obtido com exclusividade pela CNN mostra que a varia\u00e7\u00e3o no pre\u00e7o do diesel nas bombas de combust\u00edvel foi maior que o aumento da infla\u00e7\u00e3o no pa\u00eds entre maio de 2018, quando houve paralisa\u00e7\u00e3o de caminhoneiros, e agosto de 2021.<\/p>\n<p><a href=\"https:\/\/www.cnnbrasil.com.br\/business\/em-tres-anos-aumento-no-preco-do-diesel-nos-postos-supera-avanco-da-inflacao\/\">LEIA MAIS&#8230;<\/a><\/p>\n","protected":false},"excerpt":{"rendered":"<p>Fonte: CNN\u00a0 Brasil Um levantamento obtido com exclusividade pela CNN mostra que a varia\u00e7\u00e3o no pre\u00e7o do diesel nas bombas de combust\u00edvel foi maior que o aumento da infla\u00e7\u00e3o no pa\u00eds entre maio de 2018, quando houve paralisa\u00e7\u00e3o de caminhoneiros, e agosto de 2021. LEIA MAIS&#8230;<\/p>\n","protected":false},"author":3,"featured_media":99759,"comment_status":"open","ping_status":"open","sticky":false,"template":"","format":"standard","meta":{"footnotes":""},"categories":[105],"tags":[],"_links":{"self":[{"href":"https:\/\/acs.org.br\/academy\/wp-json\/wp\/v2\/posts\/99755"}],"collection":[{"href":"https:\/\/acs.org.br\/academy\/wp-json\/wp\/v2\/posts"}],"about":[{"href":"https:\/\/acs.org.br\/academy\/wp-json\/wp\/v2\/types\/post"}],"author":[{"embeddable":true,"href":"https:\/\/acs.org.br\/academy\/wp-json\/wp\/v2\/users\/3"}],"replies":[{"embeddable":true,"href":"https:\/\/acs.org.br\/academy\/wp-json\/wp\/v2\/comments?post=99755"}],"version-history":[{"count":1,"href":"https:\/\/acs.org.br\/academy\/wp-json\/wp\/v2\/posts\/99755\/revisions"}],"predecessor-version":[{"id":99756,"href":"https:\/\/acs.org.br\/academy\/wp-json\/wp\/v2\/posts\/99755\/revisions\/99756"}],"wp:featuredmedia":[{"embeddable":true,"href":"https:\/\/acs.org.br\/academy\/wp-json\/wp\/v2\/media\/99759"}],"wp:attachment":[{"href":"https:\/\/acs.org.br\/academy\/wp-json\/wp\/v2\/media?parent=99755"}],"wp:term":[{"taxonomy":"category","embeddable":true,"href":"https:\/\/acs.org.br\/academy\/wp-json\/wp\/v2\/categories?post=99755"},{"taxonomy":"post_tag","embeddable":true,"href":"https:\/\/acs.org.br\/academy\/wp-json\/wp\/v2\/tags?post=99755"}],"curies":[{"name":"wp","href":"https:\/\/api.w.org\/{rel}","templated":true}]}}