{"id":99753,"date":"2021-09-13T10:28:19","date_gmt":"2021-09-13T13:28:19","guid":{"rendered":"https:\/\/acs.org.br\/antigo\/?p=99753"},"modified":"2021-09-13T10:28:19","modified_gmt":"2021-09-13T13:28:19","slug":"politica-bolsonaro-assina-decreto-que-cria-estatal-de-energia-nuclear-diz-secretaria-geral-da-presidencia","status":"publish","type":"post","link":"https:\/\/acs.org.br\/academy\/politica-bolsonaro-assina-decreto-que-cria-estatal-de-energia-nuclear-diz-secretaria-geral-da-presidencia\/","title":{"rendered":"POL\u00cdTICA: Bolsonaro assina decreto que cria estatal de energia nuclear, diz Secretaria-Geral da Presid\u00eancia"},"content":{"rendered":"<p>Fonte: G1<\/p>\n<p>O presidente Jair Bolsonaro assinou decreto que cria uma empresa estatal para atuar na \u00e1rea de energia nuclear, informou neste domingo (12) a Secretaria-Geral da Presid\u00eancia. A empresa p\u00fablica ser\u00e1 vinculada ao Minist\u00e9rio de Minas e Energia.<\/p>\n<p><a href=\"https:\/\/g1.globo.com\/politica\/noticia\/2021\/09\/12\/bolsonaro-assina-decreto-que-cria-estatal-de-energia-nuclear-diz-secretaria-geral-da-presidencia.ghtml\">LEIA MAIS&#8230;<\/a><\/p>\n<p>&nbsp;<\/p>\n","protected":false},"excerpt":{"rendered":"<p>Fonte: G1 O presidente Jair Bolsonaro assinou decreto que cria uma empresa estatal para atuar na \u00e1rea de energia nuclear, informou neste domingo (12) a Secretaria-Geral da Presid\u00eancia. A empresa p\u00fablica ser\u00e1 vinculada ao Minist\u00e9rio de Minas e Energia. LEIA MAIS&#8230; &nbsp;<\/p>\n","protected":false},"author":3,"featured_media":0,"comment_status":"open","ping_status":"open","sticky":false,"template":"","format":"standard","meta":{"footnotes":""},"categories":[105],"tags":[],"_links":{"self":[{"href":"https:\/\/acs.org.br\/academy\/wp-json\/wp\/v2\/posts\/99753"}],"collection":[{"href":"https:\/\/acs.org.br\/academy\/wp-json\/wp\/v2\/posts"}],"about":[{"href":"https:\/\/acs.org.br\/academy\/wp-json\/wp\/v2\/types\/post"}],"author":[{"embeddable":true,"href":"https:\/\/acs.org.br\/academy\/wp-json\/wp\/v2\/users\/3"}],"replies":[{"embeddable":true,"href":"https:\/\/acs.org.br\/academy\/wp-json\/wp\/v2\/comments?post=99753"}],"version-history":[{"count":1,"href":"https:\/\/acs.org.br\/academy\/wp-json\/wp\/v2\/posts\/99753\/revisions"}],"predecessor-version":[{"id":99754,"href":"https:\/\/acs.org.br\/academy\/wp-json\/wp\/v2\/posts\/99753\/revisions\/99754"}],"wp:attachment":[{"href":"https:\/\/acs.org.br\/academy\/wp-json\/wp\/v2\/media?parent=99753"}],"wp:term":[{"taxonomy":"category","embeddable":true,"href":"https:\/\/acs.org.br\/academy\/wp-json\/wp\/v2\/categories?post=99753"},{"taxonomy":"post_tag","embeddable":true,"href":"https:\/\/acs.org.br\/academy\/wp-json\/wp\/v2\/tags?post=99753"}],"curies":[{"name":"wp","href":"https:\/\/api.w.org\/{rel}","templated":true}]}}