{"id":99737,"date":"2021-09-13T08:33:35","date_gmt":"2021-09-13T11:33:35","guid":{"rendered":"https:\/\/acs.org.br\/antigo\/?p=99737"},"modified":"2021-09-13T08:33:35","modified_gmt":"2021-09-13T11:33:35","slug":"porto-seminario-debatera-regulacao","status":"publish","type":"post","link":"https:\/\/acs.org.br\/academy\/porto-seminario-debatera-regulacao\/","title":{"rendered":"PORTO: Semin\u00e1rio debater\u00e1 regula\u00e7\u00e3o"},"content":{"rendered":"<p>Fonte: A Tribuna<\/p>\n<p>A regula\u00e7\u00e3o das rela\u00e7\u00f5es entre empresas,trabalhadores e a nova gest\u00e3o do Porto de Santos ser\u00e1oprimeirotema de debates do 2o Encontro Porto &amp; Mar 2021, que ser\u00e1 promovido pelo Grupo Tribuna no audit\u00f3rio de seu edif\u00edcio-sede.<\/p>\n<p><a href=\"https:\/\/acs.org.br\/antigo\/wp-content\/uploads\/2021\/09\/PORTO130921.pdf\">LEIA MAIS&#8230;<\/a><\/p>\n","protected":false},"excerpt":{"rendered":"<p>Fonte: A Tribuna A regula\u00e7\u00e3o das rela\u00e7\u00f5es entre empresas,trabalhadores e a nova gest\u00e3o do Porto de Santos ser\u00e1oprimeirotema de debates do 2o Encontro Porto &amp; Mar 2021, que ser\u00e1 promovido pelo Grupo Tribuna no audit\u00f3rio de seu edif\u00edcio-sede. LEIA MAIS&#8230;<\/p>\n","protected":false},"author":2,"featured_media":0,"comment_status":"open","ping_status":"open","sticky":false,"template":"","format":"standard","meta":{"footnotes":""},"categories":[105],"tags":[],"_links":{"self":[{"href":"https:\/\/acs.org.br\/academy\/wp-json\/wp\/v2\/posts\/99737"}],"collection":[{"href":"https:\/\/acs.org.br\/academy\/wp-json\/wp\/v2\/posts"}],"about":[{"href":"https:\/\/acs.org.br\/academy\/wp-json\/wp\/v2\/types\/post"}],"author":[{"embeddable":true,"href":"https:\/\/acs.org.br\/academy\/wp-json\/wp\/v2\/users\/2"}],"replies":[{"embeddable":true,"href":"https:\/\/acs.org.br\/academy\/wp-json\/wp\/v2\/comments?post=99737"}],"version-history":[{"count":1,"href":"https:\/\/acs.org.br\/academy\/wp-json\/wp\/v2\/posts\/99737\/revisions"}],"predecessor-version":[{"id":99739,"href":"https:\/\/acs.org.br\/academy\/wp-json\/wp\/v2\/posts\/99737\/revisions\/99739"}],"wp:attachment":[{"href":"https:\/\/acs.org.br\/academy\/wp-json\/wp\/v2\/media?parent=99737"}],"wp:term":[{"taxonomy":"category","embeddable":true,"href":"https:\/\/acs.org.br\/academy\/wp-json\/wp\/v2\/categories?post=99737"},{"taxonomy":"post_tag","embeddable":true,"href":"https:\/\/acs.org.br\/academy\/wp-json\/wp\/v2\/tags?post=99737"}],"curies":[{"name":"wp","href":"https:\/\/api.w.org\/{rel}","templated":true}]}}