{"id":99734,"date":"2021-09-13T08:32:03","date_gmt":"2021-09-13T11:32:03","guid":{"rendered":"https:\/\/acs.org.br\/antigo\/?p=99734"},"modified":"2021-09-13T08:32:03","modified_gmt":"2021-09-13T11:32:03","slug":"porto-anvisa-nao-recomenda-cruzeiros-maritimos","status":"publish","type":"post","link":"https:\/\/acs.org.br\/academy\/porto-anvisa-nao-recomenda-cruzeiros-maritimos\/","title":{"rendered":"PORTO: Anvisa n\u00e3o recomenda cruzeiros mar\u00edtimos"},"content":{"rendered":"<p>Fonte: A Tribuna<\/p>\n<p>A Ag\u00eancia Nacional de Vigil\u00e2ncia Sanit\u00e1ria (Anvisa) afirmou ontem que mant\u00e9m o posicionamento de suspender a temporada de cruzeiros mar\u00edtimos no Brasil.<\/p>\n<p><a href=\"https:\/\/acs.org.br\/antigo\/wp-content\/uploads\/2021\/09\/PORTO1109.pdf\">LEIA MAIS&#8230;.<\/a><\/p>\n","protected":false},"excerpt":{"rendered":"<p>Fonte: A Tribuna A Ag\u00eancia Nacional de Vigil\u00e2ncia Sanit\u00e1ria (Anvisa) afirmou ontem que mant\u00e9m o posicionamento de suspender a temporada de cruzeiros mar\u00edtimos no Brasil. LEIA MAIS&#8230;.<\/p>\n","protected":false},"author":2,"featured_media":0,"comment_status":"open","ping_status":"open","sticky":false,"template":"","format":"standard","meta":{"footnotes":""},"categories":[105],"tags":[],"_links":{"self":[{"href":"https:\/\/acs.org.br\/academy\/wp-json\/wp\/v2\/posts\/99734"}],"collection":[{"href":"https:\/\/acs.org.br\/academy\/wp-json\/wp\/v2\/posts"}],"about":[{"href":"https:\/\/acs.org.br\/academy\/wp-json\/wp\/v2\/types\/post"}],"author":[{"embeddable":true,"href":"https:\/\/acs.org.br\/academy\/wp-json\/wp\/v2\/users\/2"}],"replies":[{"embeddable":true,"href":"https:\/\/acs.org.br\/academy\/wp-json\/wp\/v2\/comments?post=99734"}],"version-history":[{"count":1,"href":"https:\/\/acs.org.br\/academy\/wp-json\/wp\/v2\/posts\/99734\/revisions"}],"predecessor-version":[{"id":99736,"href":"https:\/\/acs.org.br\/academy\/wp-json\/wp\/v2\/posts\/99734\/revisions\/99736"}],"wp:attachment":[{"href":"https:\/\/acs.org.br\/academy\/wp-json\/wp\/v2\/media?parent=99734"}],"wp:term":[{"taxonomy":"category","embeddable":true,"href":"https:\/\/acs.org.br\/academy\/wp-json\/wp\/v2\/categories?post=99734"},{"taxonomy":"post_tag","embeddable":true,"href":"https:\/\/acs.org.br\/academy\/wp-json\/wp\/v2\/tags?post=99734"}],"curies":[{"name":"wp","href":"https:\/\/api.w.org\/{rel}","templated":true}]}}