{"id":99722,"date":"2021-09-10T12:54:30","date_gmt":"2021-09-10T15:54:30","guid":{"rendered":"https:\/\/acs.org.br\/antigo\/?p=99722"},"modified":"2021-09-10T12:54:30","modified_gmt":"2021-09-10T15:54:30","slug":"cafe-precos-do-cafe-no-vietna-operam-perto-de-maxima-de-4-anos","status":"publish","type":"post","link":"https:\/\/acs.org.br\/academy\/cafe-precos-do-cafe-no-vietna-operam-perto-de-maxima-de-4-anos\/","title":{"rendered":"CAF\u00c9: Pre\u00e7os do caf\u00e9 no Vietn\u00e3 operam perto de m\u00e1xima de 4 anos"},"content":{"rendered":"<p>Fonte: Revista Cafeicultura<\/p>\n<p>Os pre\u00e7os do caf\u00e9 no Vietn\u00e3 oscilaram perto de uma m\u00e1xima de quatro anos esta semana, ap\u00f3s indica\u00e7\u00f5es dos mercados internacionais, enquanto a colheita estava chegando ao fim em algumas partes da Indon\u00e9sia, disseram traders nesta quinta-feira.<\/p>\n<p><a href=\"https:\/\/revistacafeicultura.com.br\/index.php?tipo=ler&amp;mat=71014&amp;pre--os-do-caf---no-vietn---operam-perto-de-m--xima-de-4-anos.html\">LEIA MAIS&#8230;<\/a><\/p>\n<p>&nbsp;<\/p>\n","protected":false},"excerpt":{"rendered":"<p>Fonte: Revista Cafeicultura Os pre\u00e7os do caf\u00e9 no Vietn\u00e3 oscilaram perto de uma m\u00e1xima de quatro anos esta semana, ap\u00f3s indica\u00e7\u00f5es dos mercados internacionais, enquanto a colheita estava chegando ao fim em algumas partes da Indon\u00e9sia, disseram traders nesta quinta-feira. LEIA MAIS&#8230; &nbsp;<\/p>\n","protected":false},"author":3,"featured_media":0,"comment_status":"open","ping_status":"open","sticky":false,"template":"","format":"standard","meta":{"footnotes":""},"categories":[105],"tags":[],"_links":{"self":[{"href":"https:\/\/acs.org.br\/academy\/wp-json\/wp\/v2\/posts\/99722"}],"collection":[{"href":"https:\/\/acs.org.br\/academy\/wp-json\/wp\/v2\/posts"}],"about":[{"href":"https:\/\/acs.org.br\/academy\/wp-json\/wp\/v2\/types\/post"}],"author":[{"embeddable":true,"href":"https:\/\/acs.org.br\/academy\/wp-json\/wp\/v2\/users\/3"}],"replies":[{"embeddable":true,"href":"https:\/\/acs.org.br\/academy\/wp-json\/wp\/v2\/comments?post=99722"}],"version-history":[{"count":1,"href":"https:\/\/acs.org.br\/academy\/wp-json\/wp\/v2\/posts\/99722\/revisions"}],"predecessor-version":[{"id":99723,"href":"https:\/\/acs.org.br\/academy\/wp-json\/wp\/v2\/posts\/99722\/revisions\/99723"}],"wp:attachment":[{"href":"https:\/\/acs.org.br\/academy\/wp-json\/wp\/v2\/media?parent=99722"}],"wp:term":[{"taxonomy":"category","embeddable":true,"href":"https:\/\/acs.org.br\/academy\/wp-json\/wp\/v2\/categories?post=99722"},{"taxonomy":"post_tag","embeddable":true,"href":"https:\/\/acs.org.br\/academy\/wp-json\/wp\/v2\/tags?post=99722"}],"curies":[{"name":"wp","href":"https:\/\/api.w.org\/{rel}","templated":true}]}}