{"id":99714,"date":"2021-09-10T12:38:34","date_gmt":"2021-09-10T15:38:34","guid":{"rendered":"https:\/\/acs.org.br\/antigo\/?p=99714"},"modified":"2021-09-10T12:38:34","modified_gmt":"2021-09-10T15:38:34","slug":"cafe-inscricoes-prorrogadas-para-o-31o-premio-ernesto-illy-de-qualidade-do-cafe","status":"publish","type":"post","link":"https:\/\/acs.org.br\/academy\/cafe-inscricoes-prorrogadas-para-o-31o-premio-ernesto-illy-de-qualidade-do-cafe\/","title":{"rendered":"CAF\u00c9: Inscri\u00e7\u00f5es prorrogadas para o 31\u00ba Pr\u00eamio Ernesto Illy de Qualidade do Caf\u00e9"},"content":{"rendered":"<p>Fonte: Caf\u00e9 Point<\/p>\n<p>As inscri\u00e7\u00f5es para o 31\u00ba Pr\u00eamio Ernesto Illy de Qualidade Sustent\u00e1vel do Caf\u00e9 para Espresso foram prorrogadas! Agora, os produtores podem enviar suas amostras at\u00e9 20 de setembro de 2021.<\/p>\n<p><a href=\"https:\/\/www.cafepoint.com.br\/noticias\/giro-de-noticias\/inscricoes-prorrogadas-para-o-31-premio-ernesto-illy-de-qualidade-do-cafe-227188\/\">LEIA MAIS&#8230;<\/a><\/p>\n<p>&nbsp;<\/p>\n","protected":false},"excerpt":{"rendered":"<p>Fonte: Caf\u00e9 Point As inscri\u00e7\u00f5es para o 31\u00ba Pr\u00eamio Ernesto Illy de Qualidade Sustent\u00e1vel do Caf\u00e9 para Espresso foram prorrogadas! Agora, os produtores podem enviar suas amostras at\u00e9 20 de setembro de 2021. LEIA MAIS&#8230; &nbsp;<\/p>\n","protected":false},"author":3,"featured_media":0,"comment_status":"open","ping_status":"open","sticky":false,"template":"","format":"standard","meta":{"footnotes":""},"categories":[105],"tags":[],"_links":{"self":[{"href":"https:\/\/acs.org.br\/academy\/wp-json\/wp\/v2\/posts\/99714"}],"collection":[{"href":"https:\/\/acs.org.br\/academy\/wp-json\/wp\/v2\/posts"}],"about":[{"href":"https:\/\/acs.org.br\/academy\/wp-json\/wp\/v2\/types\/post"}],"author":[{"embeddable":true,"href":"https:\/\/acs.org.br\/academy\/wp-json\/wp\/v2\/users\/3"}],"replies":[{"embeddable":true,"href":"https:\/\/acs.org.br\/academy\/wp-json\/wp\/v2\/comments?post=99714"}],"version-history":[{"count":1,"href":"https:\/\/acs.org.br\/academy\/wp-json\/wp\/v2\/posts\/99714\/revisions"}],"predecessor-version":[{"id":99715,"href":"https:\/\/acs.org.br\/academy\/wp-json\/wp\/v2\/posts\/99714\/revisions\/99715"}],"wp:attachment":[{"href":"https:\/\/acs.org.br\/academy\/wp-json\/wp\/v2\/media?parent=99714"}],"wp:term":[{"taxonomy":"category","embeddable":true,"href":"https:\/\/acs.org.br\/academy\/wp-json\/wp\/v2\/categories?post=99714"},{"taxonomy":"post_tag","embeddable":true,"href":"https:\/\/acs.org.br\/academy\/wp-json\/wp\/v2\/tags?post=99714"}],"curies":[{"name":"wp","href":"https:\/\/api.w.org\/{rel}","templated":true}]}}