{"id":99709,"date":"2021-09-10T12:30:47","date_gmt":"2021-09-10T15:30:47","guid":{"rendered":"https:\/\/acs.org.br\/antigo\/?p=99709"},"modified":"2021-09-10T12:30:47","modified_gmt":"2021-09-10T15:30:47","slug":"economia-fgv-indicadores-globais-apontam-desaceleracao-no-segundo-semestre","status":"publish","type":"post","link":"https:\/\/acs.org.br\/academy\/economia-fgv-indicadores-globais-apontam-desaceleracao-no-segundo-semestre\/","title":{"rendered":"ECONOMIA: FGV: indicadores globais apontam desacelera\u00e7\u00e3o no segundo semestre"},"content":{"rendered":"<p>Fonte: Ag\u00eancia Brasil<\/p>\n<p>Os Bar\u00f4metros Econ\u00f4micos Globais de setembro, divulgados hoje (10) pelo Instituto Brasileiro de Economia da Funda\u00e7\u00e3o Getulio Vargas (Ibre\/FGV), permanecem com a tend\u00eancia de queda observada desde julho, apesar de manterem os n\u00edveis elevados, compat\u00edveis com a retomada da economia mundial.<\/p>\n<p>LEIA MAIS&#8230;<\/p>\n<p>&nbsp;<\/p>\n","protected":false},"excerpt":{"rendered":"<p>Fonte: Ag\u00eancia Brasil Os Bar\u00f4metros Econ\u00f4micos Globais de setembro, divulgados hoje (10) pelo Instituto Brasileiro de Economia da Funda\u00e7\u00e3o Getulio Vargas (Ibre\/FGV), permanecem com a tend\u00eancia de queda observada desde julho, apesar de manterem os n\u00edveis elevados, compat\u00edveis com a retomada da economia mundial. LEIA MAIS&#8230; &nbsp;<\/p>\n","protected":false},"author":3,"featured_media":0,"comment_status":"open","ping_status":"open","sticky":false,"template":"","format":"standard","meta":{"footnotes":""},"categories":[105],"tags":[],"_links":{"self":[{"href":"https:\/\/acs.org.br\/academy\/wp-json\/wp\/v2\/posts\/99709"}],"collection":[{"href":"https:\/\/acs.org.br\/academy\/wp-json\/wp\/v2\/posts"}],"about":[{"href":"https:\/\/acs.org.br\/academy\/wp-json\/wp\/v2\/types\/post"}],"author":[{"embeddable":true,"href":"https:\/\/acs.org.br\/academy\/wp-json\/wp\/v2\/users\/3"}],"replies":[{"embeddable":true,"href":"https:\/\/acs.org.br\/academy\/wp-json\/wp\/v2\/comments?post=99709"}],"version-history":[{"count":1,"href":"https:\/\/acs.org.br\/academy\/wp-json\/wp\/v2\/posts\/99709\/revisions"}],"predecessor-version":[{"id":99710,"href":"https:\/\/acs.org.br\/academy\/wp-json\/wp\/v2\/posts\/99709\/revisions\/99710"}],"wp:attachment":[{"href":"https:\/\/acs.org.br\/academy\/wp-json\/wp\/v2\/media?parent=99709"}],"wp:term":[{"taxonomy":"category","embeddable":true,"href":"https:\/\/acs.org.br\/academy\/wp-json\/wp\/v2\/categories?post=99709"},{"taxonomy":"post_tag","embeddable":true,"href":"https:\/\/acs.org.br\/academy\/wp-json\/wp\/v2\/tags?post=99709"}],"curies":[{"name":"wp","href":"https:\/\/api.w.org\/{rel}","templated":true}]}}