{"id":99707,"date":"2021-09-10T12:13:41","date_gmt":"2021-09-10T15:13:41","guid":{"rendered":"https:\/\/acs.org.br\/antigo\/?p=99707"},"modified":"2021-09-10T12:47:34","modified_gmt":"2021-09-10T15:47:34","slug":"economia-brasil-consegue-o-terceiro-maior-avanco-em-competitividade-digital-dentre-os-paises-do-g20","status":"publish","type":"post","link":"https:\/\/acs.org.br\/academy\/economia-brasil-consegue-o-terceiro-maior-avanco-em-competitividade-digital-dentre-os-paises-do-g20\/","title":{"rendered":"ECONOMIA: Brasil consegue o terceiro maior avan\u00e7o em competitividade digital dentre os pa\u00edses do G20"},"content":{"rendered":"<p>Fonte: Informativo\u00a0 dos Portos<\/p>\n<p>O secret\u00e1rio especial de Produtividade e Competitividade do Minist\u00e9rio da Economia, Carlos Da Costa, comemorou a posi\u00e7\u00e3o do Brasil no ranking de competitividade digital aferido pelo Centro Europeu para Competitividade Digital. O estudo, denominado Digital Riser Report 2021, analisou 137 pa\u00edses em rela\u00e7\u00e3o \u00e0 dimens\u00e3o Ecossistema e \u00e0 dimens\u00e3o Mindset, levando em considera\u00e7\u00e3o pol\u00edticas, programas e a\u00e7\u00f5es adotadas entre 2018 e 2020.<\/p>\n<p><a href=\"https:\/\/www.informativodosportos.com.br\/brasil-consegue-o-terceiro-maior-avanco-em-competitividade-digital-dentre-os-paises-do-g20\/\">LEIA MAIS&#8230;<\/a><\/p>\n","protected":false},"excerpt":{"rendered":"<p>Fonte: Informativo\u00a0 dos Portos O secret\u00e1rio especial de Produtividade e Competitividade do Minist\u00e9rio da Economia, Carlos Da Costa, comemorou a posi\u00e7\u00e3o do Brasil no ranking de competitividade digital aferido pelo Centro Europeu para Competitividade Digital. O estudo, denominado Digital Riser Report 2021, analisou 137 pa\u00edses em rela\u00e7\u00e3o \u00e0 dimens\u00e3o Ecossistema e \u00e0 dimens\u00e3o Mindset, levando [&hellip;]<\/p>\n","protected":false},"author":3,"featured_media":99719,"comment_status":"open","ping_status":"open","sticky":false,"template":"","format":"standard","meta":{"footnotes":""},"categories":[105],"tags":[],"_links":{"self":[{"href":"https:\/\/acs.org.br\/academy\/wp-json\/wp\/v2\/posts\/99707"}],"collection":[{"href":"https:\/\/acs.org.br\/academy\/wp-json\/wp\/v2\/posts"}],"about":[{"href":"https:\/\/acs.org.br\/academy\/wp-json\/wp\/v2\/types\/post"}],"author":[{"embeddable":true,"href":"https:\/\/acs.org.br\/academy\/wp-json\/wp\/v2\/users\/3"}],"replies":[{"embeddable":true,"href":"https:\/\/acs.org.br\/academy\/wp-json\/wp\/v2\/comments?post=99707"}],"version-history":[{"count":2,"href":"https:\/\/acs.org.br\/academy\/wp-json\/wp\/v2\/posts\/99707\/revisions"}],"predecessor-version":[{"id":99720,"href":"https:\/\/acs.org.br\/academy\/wp-json\/wp\/v2\/posts\/99707\/revisions\/99720"}],"wp:featuredmedia":[{"embeddable":true,"href":"https:\/\/acs.org.br\/academy\/wp-json\/wp\/v2\/media\/99719"}],"wp:attachment":[{"href":"https:\/\/acs.org.br\/academy\/wp-json\/wp\/v2\/media?parent=99707"}],"wp:term":[{"taxonomy":"category","embeddable":true,"href":"https:\/\/acs.org.br\/academy\/wp-json\/wp\/v2\/categories?post=99707"},{"taxonomy":"post_tag","embeddable":true,"href":"https:\/\/acs.org.br\/academy\/wp-json\/wp\/v2\/tags?post=99707"}],"curies":[{"name":"wp","href":"https:\/\/api.w.org\/{rel}","templated":true}]}}