{"id":99705,"date":"2021-09-10T12:09:50","date_gmt":"2021-09-10T15:09:50","guid":{"rendered":"https:\/\/acs.org.br\/antigo\/?p=99705"},"modified":"2021-09-10T12:32:36","modified_gmt":"2021-09-10T15:32:36","slug":"navegacao-brasil-nao-renova-acordos-sobre-transporte-maritimo-com-argentina-e-uruguai","status":"publish","type":"post","link":"https:\/\/acs.org.br\/academy\/navegacao-brasil-nao-renova-acordos-sobre-transporte-maritimo-com-argentina-e-uruguai\/","title":{"rendered":"NAVEGA\u00c7\u00c3O: Brasil n\u00e3o renova acordos sobre transporte mar\u00edtimo com Argentina e Uruguai"},"content":{"rendered":"<p>Fonte: Ag\u00eancia Porto<\/p>\n<p>Foi publicado nesta quarta-feira (8\/9) o Decreto n\u00ba 10.786, de 6 de setembro de 2021, que formaliza a decis\u00e3o do Brasil de n\u00e3o renovar o Conv\u00eanio sobre Transporte Mar\u00edtimo entre Brasil e Uruguai, e entre o Brasil e a Argentina. A decis\u00e3o, al\u00e9m de incentivar a concorr\u00eancia e a competitividade na presta\u00e7\u00e3o de servi\u00e7os do setor, acelera o processo de acess\u00e3o do Brasil \u00e0 Organiza\u00e7\u00e3o para a Coopera\u00e7\u00e3o e Desenvolvimento Econ\u00f4mico (OCDE) \u2013 prioridade do governo federal.<\/p>\n<p><a href=\"http:\/\/agenciaporto.com\/brasil-nao-renova-acordos-sobre-transporte-maritimo-com-argentina-e-uruguai\/\">LEIA MAIS&#8230;<\/a><\/p>\n<p>&nbsp;<\/p>\n","protected":false},"excerpt":{"rendered":"<p>Fonte: Ag\u00eancia Porto Foi publicado nesta quarta-feira (8\/9) o Decreto n\u00ba 10.786, de 6 de setembro de 2021, que formaliza a decis\u00e3o do Brasil de n\u00e3o renovar o Conv\u00eanio sobre Transporte Mar\u00edtimo entre Brasil e Uruguai, e entre o Brasil e a Argentina. A decis\u00e3o, al\u00e9m de incentivar a concorr\u00eancia e a competitividade na presta\u00e7\u00e3o [&hellip;]<\/p>\n","protected":false},"author":3,"featured_media":0,"comment_status":"open","ping_status":"open","sticky":false,"template":"","format":"standard","meta":{"footnotes":""},"categories":[105],"tags":[],"_links":{"self":[{"href":"https:\/\/acs.org.br\/academy\/wp-json\/wp\/v2\/posts\/99705"}],"collection":[{"href":"https:\/\/acs.org.br\/academy\/wp-json\/wp\/v2\/posts"}],"about":[{"href":"https:\/\/acs.org.br\/academy\/wp-json\/wp\/v2\/types\/post"}],"author":[{"embeddable":true,"href":"https:\/\/acs.org.br\/academy\/wp-json\/wp\/v2\/users\/3"}],"replies":[{"embeddable":true,"href":"https:\/\/acs.org.br\/academy\/wp-json\/wp\/v2\/comments?post=99705"}],"version-history":[{"count":2,"href":"https:\/\/acs.org.br\/academy\/wp-json\/wp\/v2\/posts\/99705\/revisions"}],"predecessor-version":[{"id":99711,"href":"https:\/\/acs.org.br\/academy\/wp-json\/wp\/v2\/posts\/99705\/revisions\/99711"}],"wp:attachment":[{"href":"https:\/\/acs.org.br\/academy\/wp-json\/wp\/v2\/media?parent=99705"}],"wp:term":[{"taxonomy":"category","embeddable":true,"href":"https:\/\/acs.org.br\/academy\/wp-json\/wp\/v2\/categories?post=99705"},{"taxonomy":"post_tag","embeddable":true,"href":"https:\/\/acs.org.br\/academy\/wp-json\/wp\/v2\/tags?post=99705"}],"curies":[{"name":"wp","href":"https:\/\/api.w.org\/{rel}","templated":true}]}}