{"id":99703,"date":"2021-09-10T12:03:30","date_gmt":"2021-09-10T15:03:30","guid":{"rendered":"https:\/\/acs.org.br\/antigo\/?p=99703"},"modified":"2021-09-10T12:09:18","modified_gmt":"2021-09-10T15:09:18","slug":"comercio-exterior-mercosul-e-coreia-do-sul-fecham-setima-rodada-de-negociacoes-para-acordo-de-livre-comercio","status":"publish","type":"post","link":"https:\/\/acs.org.br\/academy\/comercio-exterior-mercosul-e-coreia-do-sul-fecham-setima-rodada-de-negociacoes-para-acordo-de-livre-comercio\/","title":{"rendered":"COM\u00c9RCIO EXTERIOR: Mercosul e Coreia do Sul fecham s\u00e9tima rodada de negocia\u00e7\u00f5es para Acordo de Livre Com\u00e9rcio"},"content":{"rendered":"<p>Fonte: Ag\u00eancia Porto<\/p>\n<p>O Mercosul e a Coreia do Sul encerraram a s\u00e9tima rodada de negocia\u00e7\u00f5es para fechar um Acordo de Livre Com\u00e9rcio. Os primeiros encontros foram realizados de 30 de agosto at\u00e9 a \u00faltima sexta-feira (3\/9). A rodada foi finalizada com reuni\u00f5es nesta quarta (8\/9) e quinta-feira (9\/9).<\/p>\n<p><a href=\"http:\/\/agenciaporto.com\/mercosul-e-coreia-do-sul-fecham-setima-rodada-de-negociacoes-para-acordo-de-livre-comercio\/\">LEIA MAIS&#8230;<\/a><\/p>\n<p>&nbsp;<\/p>\n","protected":false},"excerpt":{"rendered":"<p>Fonte: Ag\u00eancia Porto O Mercosul e a Coreia do Sul encerraram a s\u00e9tima rodada de negocia\u00e7\u00f5es para fechar um Acordo de Livre Com\u00e9rcio. Os primeiros encontros foram realizados de 30 de agosto at\u00e9 a \u00faltima sexta-feira (3\/9). A rodada foi finalizada com reuni\u00f5es nesta quarta (8\/9) e quinta-feira (9\/9). LEIA MAIS&#8230; &nbsp;<\/p>\n","protected":false},"author":3,"featured_media":0,"comment_status":"open","ping_status":"open","sticky":false,"template":"","format":"standard","meta":{"footnotes":""},"categories":[105],"tags":[],"_links":{"self":[{"href":"https:\/\/acs.org.br\/academy\/wp-json\/wp\/v2\/posts\/99703"}],"collection":[{"href":"https:\/\/acs.org.br\/academy\/wp-json\/wp\/v2\/posts"}],"about":[{"href":"https:\/\/acs.org.br\/academy\/wp-json\/wp\/v2\/types\/post"}],"author":[{"embeddable":true,"href":"https:\/\/acs.org.br\/academy\/wp-json\/wp\/v2\/users\/3"}],"replies":[{"embeddable":true,"href":"https:\/\/acs.org.br\/academy\/wp-json\/wp\/v2\/comments?post=99703"}],"version-history":[{"count":1,"href":"https:\/\/acs.org.br\/academy\/wp-json\/wp\/v2\/posts\/99703\/revisions"}],"predecessor-version":[{"id":99704,"href":"https:\/\/acs.org.br\/academy\/wp-json\/wp\/v2\/posts\/99703\/revisions\/99704"}],"wp:attachment":[{"href":"https:\/\/acs.org.br\/academy\/wp-json\/wp\/v2\/media?parent=99703"}],"wp:term":[{"taxonomy":"category","embeddable":true,"href":"https:\/\/acs.org.br\/academy\/wp-json\/wp\/v2\/categories?post=99703"},{"taxonomy":"post_tag","embeddable":true,"href":"https:\/\/acs.org.br\/academy\/wp-json\/wp\/v2\/tags?post=99703"}],"curies":[{"name":"wp","href":"https:\/\/api.w.org\/{rel}","templated":true}]}}