{"id":99699,"date":"2021-09-10T11:57:51","date_gmt":"2021-09-10T14:57:51","guid":{"rendered":"https:\/\/acs.org.br\/antigo\/?p=99699"},"modified":"2021-09-10T11:57:51","modified_gmt":"2021-09-10T14:57:51","slug":"economia-vendas-no-comercio-avancam-12-em-julho-e-atingem-patamar-recorde","status":"publish","type":"post","link":"https:\/\/acs.org.br\/academy\/economia-vendas-no-comercio-avancam-12-em-julho-e-atingem-patamar-recorde\/","title":{"rendered":"ECONOMIA: Vendas no com\u00e9rcio avan\u00e7am 1,2% em julho e atingem patamar recorde"},"content":{"rendered":"<p>Fonte: CNN Brasil<\/p>\n<p>Com avan\u00e7o de 1,2% em julho, o volume de vendas do com\u00e9rcio varejista brasileiro bateu recorde da s\u00e9rie hist\u00f3rica iniciada em 2000.<\/p>\n<p><a href=\"https:\/\/www.cnnbrasil.com.br\/business\/vendas-no-comercio-avancam-12-em-julho-e-atingem-patamar-recorde\/\">LEIA MAIS&#8230;<\/a><\/p>\n","protected":false},"excerpt":{"rendered":"<p>Fonte: CNN Brasil Com avan\u00e7o de 1,2% em julho, o volume de vendas do com\u00e9rcio varejista brasileiro bateu recorde da s\u00e9rie hist\u00f3rica iniciada em 2000. LEIA MAIS&#8230;<\/p>\n","protected":false},"author":3,"featured_media":0,"comment_status":"open","ping_status":"open","sticky":false,"template":"","format":"standard","meta":{"footnotes":""},"categories":[105],"tags":[],"_links":{"self":[{"href":"https:\/\/acs.org.br\/academy\/wp-json\/wp\/v2\/posts\/99699"}],"collection":[{"href":"https:\/\/acs.org.br\/academy\/wp-json\/wp\/v2\/posts"}],"about":[{"href":"https:\/\/acs.org.br\/academy\/wp-json\/wp\/v2\/types\/post"}],"author":[{"embeddable":true,"href":"https:\/\/acs.org.br\/academy\/wp-json\/wp\/v2\/users\/3"}],"replies":[{"embeddable":true,"href":"https:\/\/acs.org.br\/academy\/wp-json\/wp\/v2\/comments?post=99699"}],"version-history":[{"count":1,"href":"https:\/\/acs.org.br\/academy\/wp-json\/wp\/v2\/posts\/99699\/revisions"}],"predecessor-version":[{"id":99700,"href":"https:\/\/acs.org.br\/academy\/wp-json\/wp\/v2\/posts\/99699\/revisions\/99700"}],"wp:attachment":[{"href":"https:\/\/acs.org.br\/academy\/wp-json\/wp\/v2\/media?parent=99699"}],"wp:term":[{"taxonomy":"category","embeddable":true,"href":"https:\/\/acs.org.br\/academy\/wp-json\/wp\/v2\/categories?post=99699"},{"taxonomy":"post_tag","embeddable":true,"href":"https:\/\/acs.org.br\/academy\/wp-json\/wp\/v2\/tags?post=99699"}],"curies":[{"name":"wp","href":"https:\/\/api.w.org\/{rel}","templated":true}]}}