{"id":99679,"date":"2021-09-03T14:04:53","date_gmt":"2021-09-03T17:04:53","guid":{"rendered":"https:\/\/acs.org.br\/antigo\/?p=99679"},"modified":"2021-09-03T14:04:53","modified_gmt":"2021-09-03T17:04:53","slug":"cafe-abic-anunciara-campeoes-do-premio-melhores-da-qualidade-em-outubro","status":"publish","type":"post","link":"https:\/\/acs.org.br\/academy\/cafe-abic-anunciara-campeoes-do-premio-melhores-da-qualidade-em-outubro\/","title":{"rendered":"CAF\u00c9: ABIC anunciar\u00e1 campe\u00f5es do Pr\u00eamio Melhores da Qualidade em outubro"},"content":{"rendered":"<p>Fonte: Caf\u00e9 Point<\/p>\n<p>A Associa\u00e7\u00e3o Brasileira da Ind\u00fastria de Caf\u00e9 (ABIC) anunciar\u00e1, no dia 1\u00ba de outubro, os vencedores do pr\u00eamio Melhores da Qualidade ABIC 2020\/2021. Criada em 2006, a premia\u00e7\u00e3o reconhece os produtos que atingiram as maiores m\u00e9dias em cada uma das categorias do Programa de Qualidade do Caf\u00e9 \u2013 Extraforte, Tradicional, Superior e Gourmet, segmentando, desde 2019, tamb\u00e9m pelo porte da empresa \u2013 Pequena, M\u00e9dia e Grande.<\/p>\n<p><a href=\"https:\/\/www.cafepoint.com.br\/noticias\/giro-de-noticias\/abic-anunciara-campeoes-do-premio-melhores-da-qualidade-em-outubro-227100\/\">LEIA MAIS&#8230;<\/a><\/p>\n<p>&nbsp;<\/p>\n","protected":false},"excerpt":{"rendered":"<p>Fonte: Caf\u00e9 Point A Associa\u00e7\u00e3o Brasileira da Ind\u00fastria de Caf\u00e9 (ABIC) anunciar\u00e1, no dia 1\u00ba de outubro, os vencedores do pr\u00eamio Melhores da Qualidade ABIC 2020\/2021. Criada em 2006, a premia\u00e7\u00e3o reconhece os produtos que atingiram as maiores m\u00e9dias em cada uma das categorias do Programa de Qualidade do Caf\u00e9 \u2013 Extraforte, Tradicional, Superior e [&hellip;]<\/p>\n","protected":false},"author":3,"featured_media":0,"comment_status":"open","ping_status":"open","sticky":false,"template":"","format":"standard","meta":{"footnotes":""},"categories":[105],"tags":[],"_links":{"self":[{"href":"https:\/\/acs.org.br\/academy\/wp-json\/wp\/v2\/posts\/99679"}],"collection":[{"href":"https:\/\/acs.org.br\/academy\/wp-json\/wp\/v2\/posts"}],"about":[{"href":"https:\/\/acs.org.br\/academy\/wp-json\/wp\/v2\/types\/post"}],"author":[{"embeddable":true,"href":"https:\/\/acs.org.br\/academy\/wp-json\/wp\/v2\/users\/3"}],"replies":[{"embeddable":true,"href":"https:\/\/acs.org.br\/academy\/wp-json\/wp\/v2\/comments?post=99679"}],"version-history":[{"count":1,"href":"https:\/\/acs.org.br\/academy\/wp-json\/wp\/v2\/posts\/99679\/revisions"}],"predecessor-version":[{"id":99680,"href":"https:\/\/acs.org.br\/academy\/wp-json\/wp\/v2\/posts\/99679\/revisions\/99680"}],"wp:attachment":[{"href":"https:\/\/acs.org.br\/academy\/wp-json\/wp\/v2\/media?parent=99679"}],"wp:term":[{"taxonomy":"category","embeddable":true,"href":"https:\/\/acs.org.br\/academy\/wp-json\/wp\/v2\/categories?post=99679"},{"taxonomy":"post_tag","embeddable":true,"href":"https:\/\/acs.org.br\/academy\/wp-json\/wp\/v2\/tags?post=99679"}],"curies":[{"name":"wp","href":"https:\/\/api.w.org\/{rel}","templated":true}]}}