{"id":99676,"date":"2021-09-03T14:03:42","date_gmt":"2021-09-03T17:03:42","guid":{"rendered":"https:\/\/acs.org.br\/antigo\/?p=99676"},"modified":"2021-09-03T14:04:14","modified_gmt":"2021-09-03T17:04:14","slug":"cafe-producao-dos-cafes-do-brasil-ocupa-area-de-182-milhao-de-hectares-dos-quais-145-milhao-sao-de-cafe-arabica-e-37599-mil-de-conilon","status":"publish","type":"post","link":"https:\/\/acs.org.br\/academy\/cafe-producao-dos-cafes-do-brasil-ocupa-area-de-182-milhao-de-hectares-dos-quais-145-milhao-sao-de-cafe-arabica-e-37599-mil-de-conilon\/","title":{"rendered":"CAF\u00c9: Produ\u00e7\u00e3o dos Caf\u00e9s do Brasil ocupa \u00e1rea de 1,82 milh\u00e3o de hectares dos quais 1,45 milh\u00e3o s\u00e3o de caf\u00e9 ar\u00e1bica e 375,99 mil de conilon"},"content":{"rendered":"<p>Fonte: Consorcio Pesquisa Caf\u00e9<\/p>\n<p>A \u00e1rea em produ\u00e7\u00e3o dos Caf\u00e9s do Brasil, neste ano de 2021, incluindo as esp\u00e9cies de caf\u00e9 ar\u00e1bica e de caf\u00e9 conilon, abrange 1,82 milh\u00e3o de hectares. Do total dessa \u00e1rea, 1,45 milh\u00e3o de hectares s\u00e3o cultivados com caf\u00e9 ar\u00e1bica e 375,99 mil de conilon.<\/p>\n<p><a href=\"http:\/\/www.consorciopesquisacafe.com.br\/index.php\/imprensa\/noticias\/1077-2021-09-02-17-25-30\">LEIA MAIS&#8230;<\/a><\/p>\n<p>&nbsp;<\/p>\n","protected":false},"excerpt":{"rendered":"<p>Fonte: Consorcio Pesquisa Caf\u00e9 A \u00e1rea em produ\u00e7\u00e3o dos Caf\u00e9s do Brasil, neste ano de 2021, incluindo as esp\u00e9cies de caf\u00e9 ar\u00e1bica e de caf\u00e9 conilon, abrange 1,82 milh\u00e3o de hectares. Do total dessa \u00e1rea, 1,45 milh\u00e3o de hectares s\u00e3o cultivados com caf\u00e9 ar\u00e1bica e 375,99 mil de conilon. LEIA MAIS&#8230; &nbsp;<\/p>\n","protected":false},"author":3,"featured_media":0,"comment_status":"open","ping_status":"open","sticky":false,"template":"","format":"standard","meta":{"footnotes":""},"categories":[105],"tags":[],"_links":{"self":[{"href":"https:\/\/acs.org.br\/academy\/wp-json\/wp\/v2\/posts\/99676"}],"collection":[{"href":"https:\/\/acs.org.br\/academy\/wp-json\/wp\/v2\/posts"}],"about":[{"href":"https:\/\/acs.org.br\/academy\/wp-json\/wp\/v2\/types\/post"}],"author":[{"embeddable":true,"href":"https:\/\/acs.org.br\/academy\/wp-json\/wp\/v2\/users\/3"}],"replies":[{"embeddable":true,"href":"https:\/\/acs.org.br\/academy\/wp-json\/wp\/v2\/comments?post=99676"}],"version-history":[{"count":1,"href":"https:\/\/acs.org.br\/academy\/wp-json\/wp\/v2\/posts\/99676\/revisions"}],"predecessor-version":[{"id":99677,"href":"https:\/\/acs.org.br\/academy\/wp-json\/wp\/v2\/posts\/99676\/revisions\/99677"}],"wp:attachment":[{"href":"https:\/\/acs.org.br\/academy\/wp-json\/wp\/v2\/media?parent=99676"}],"wp:term":[{"taxonomy":"category","embeddable":true,"href":"https:\/\/acs.org.br\/academy\/wp-json\/wp\/v2\/categories?post=99676"},{"taxonomy":"post_tag","embeddable":true,"href":"https:\/\/acs.org.br\/academy\/wp-json\/wp\/v2\/tags?post=99676"}],"curies":[{"name":"wp","href":"https:\/\/api.w.org\/{rel}","templated":true}]}}