{"id":99671,"date":"2021-09-03T10:28:51","date_gmt":"2021-09-03T13:28:51","guid":{"rendered":"https:\/\/acs.org.br\/antigo\/?p=99671"},"modified":"2021-09-03T10:28:51","modified_gmt":"2021-09-03T13:28:51","slug":"comercio-exterior-exportacoes-batem-recorde-e-somam-us-272-bilhoes-em-agosto-superando-marca-de-2011","status":"publish","type":"post","link":"https:\/\/acs.org.br\/academy\/comercio-exterior-exportacoes-batem-recorde-e-somam-us-272-bilhoes-em-agosto-superando-marca-de-2011\/","title":{"rendered":"COM\u00c9RCIO EXTERIOR: Exporta\u00e7\u00f5es batem recorde e somam US$ 27,2 bilh\u00f5es em agosto, superando marca de 2011"},"content":{"rendered":"<p>Fonte: Informativo Portu\u00e1rio<\/p>\n<p>A balan\u00e7a comercial brasileira registrou super\u00e1vit de US$ 7,7 bilh\u00f5es neste \u00faltimo m\u00eas, recorde para meses de agosto em toda a s\u00e9rie hist\u00f3rica, iniciada em 1989. O valor superou, portanto, a marca de US$ 5,8 bilh\u00f5es registrada em agosto do ano passado, que tinha sido o \u00faltimo recorde para o per\u00edodo.<\/p>\n<p><a href=\"https:\/\/www.informativodosportos.com.br\/exportacoes-batem-recorde-e-somam-us-272-bilhoes-em-agosto-superando-marca-de-2011\/\">LEIA MAIS&#8230;<\/a><\/p>\n","protected":false},"excerpt":{"rendered":"<p>Fonte: Informativo Portu\u00e1rio A balan\u00e7a comercial brasileira registrou super\u00e1vit de US$ 7,7 bilh\u00f5es neste \u00faltimo m\u00eas, recorde para meses de agosto em toda a s\u00e9rie hist\u00f3rica, iniciada em 1989. O valor superou, portanto, a marca de US$ 5,8 bilh\u00f5es registrada em agosto do ano passado, que tinha sido o \u00faltimo recorde para o per\u00edodo. LEIA [&hellip;]<\/p>\n","protected":false},"author":3,"featured_media":99672,"comment_status":"open","ping_status":"open","sticky":false,"template":"","format":"standard","meta":{"footnotes":""},"categories":[105],"tags":[],"_links":{"self":[{"href":"https:\/\/acs.org.br\/academy\/wp-json\/wp\/v2\/posts\/99671"}],"collection":[{"href":"https:\/\/acs.org.br\/academy\/wp-json\/wp\/v2\/posts"}],"about":[{"href":"https:\/\/acs.org.br\/academy\/wp-json\/wp\/v2\/types\/post"}],"author":[{"embeddable":true,"href":"https:\/\/acs.org.br\/academy\/wp-json\/wp\/v2\/users\/3"}],"replies":[{"embeddable":true,"href":"https:\/\/acs.org.br\/academy\/wp-json\/wp\/v2\/comments?post=99671"}],"version-history":[{"count":1,"href":"https:\/\/acs.org.br\/academy\/wp-json\/wp\/v2\/posts\/99671\/revisions"}],"predecessor-version":[{"id":99673,"href":"https:\/\/acs.org.br\/academy\/wp-json\/wp\/v2\/posts\/99671\/revisions\/99673"}],"wp:featuredmedia":[{"embeddable":true,"href":"https:\/\/acs.org.br\/academy\/wp-json\/wp\/v2\/media\/99672"}],"wp:attachment":[{"href":"https:\/\/acs.org.br\/academy\/wp-json\/wp\/v2\/media?parent=99671"}],"wp:term":[{"taxonomy":"category","embeddable":true,"href":"https:\/\/acs.org.br\/academy\/wp-json\/wp\/v2\/categories?post=99671"},{"taxonomy":"post_tag","embeddable":true,"href":"https:\/\/acs.org.br\/academy\/wp-json\/wp\/v2\/tags?post=99671"}],"curies":[{"name":"wp","href":"https:\/\/api.w.org\/{rel}","templated":true}]}}