{"id":99667,"date":"2021-09-03T10:17:54","date_gmt":"2021-09-03T13:17:54","guid":{"rendered":"https:\/\/acs.org.br\/antigo\/?p=99667"},"modified":"2021-09-03T10:17:54","modified_gmt":"2021-09-03T13:17:54","slug":"saude-governo-libera-11-bi-para-fundos-de-saude-a-estados-e-municipios","status":"publish","type":"post","link":"https:\/\/acs.org.br\/academy\/saude-governo-libera-11-bi-para-fundos-de-saude-a-estados-e-municipios\/","title":{"rendered":"SA\u00daDE: Governo libera 1,1 bi para Fundos de Sa\u00fade a estados e munic\u00edpios"},"content":{"rendered":"<p>Fonte: Ag\u00eancia Brasil<\/p>\n<p>Uma portaria do Minist\u00e9rio da Sa\u00fade, publicada no Di\u00e1rio Oficial da Uni\u00e3o desta sexta-feira (3) destina mais de R$ 1,1 bi para Fundos de Sa\u00fade dos estados, Distrito Federal e munic\u00edpios. Os recursos ser\u00e3o repassados em parcela \u00fanica para o enfrentamento da pandemia do novo coronav\u00edrus.<\/p>\n<p><a href=\"https:\/\/agenciabrasil.ebc.com.br\/saude\/noticia\/2021-09\/governo-libera-11-bi-para-fundos-de-saude-estados-e-municipios\">LEIA MAIS&#8230;<\/a><\/p>\n<p>&nbsp;<\/p>\n","protected":false},"excerpt":{"rendered":"<p>Fonte: Ag\u00eancia Brasil Uma portaria do Minist\u00e9rio da Sa\u00fade, publicada no Di\u00e1rio Oficial da Uni\u00e3o desta sexta-feira (3) destina mais de R$ 1,1 bi para Fundos de Sa\u00fade dos estados, Distrito Federal e munic\u00edpios. Os recursos ser\u00e3o repassados em parcela \u00fanica para o enfrentamento da pandemia do novo coronav\u00edrus. LEIA MAIS&#8230; &nbsp;<\/p>\n","protected":false},"author":3,"featured_media":0,"comment_status":"open","ping_status":"open","sticky":false,"template":"","format":"standard","meta":{"footnotes":""},"categories":[105],"tags":[],"_links":{"self":[{"href":"https:\/\/acs.org.br\/academy\/wp-json\/wp\/v2\/posts\/99667"}],"collection":[{"href":"https:\/\/acs.org.br\/academy\/wp-json\/wp\/v2\/posts"}],"about":[{"href":"https:\/\/acs.org.br\/academy\/wp-json\/wp\/v2\/types\/post"}],"author":[{"embeddable":true,"href":"https:\/\/acs.org.br\/academy\/wp-json\/wp\/v2\/users\/3"}],"replies":[{"embeddable":true,"href":"https:\/\/acs.org.br\/academy\/wp-json\/wp\/v2\/comments?post=99667"}],"version-history":[{"count":1,"href":"https:\/\/acs.org.br\/academy\/wp-json\/wp\/v2\/posts\/99667\/revisions"}],"predecessor-version":[{"id":99668,"href":"https:\/\/acs.org.br\/academy\/wp-json\/wp\/v2\/posts\/99667\/revisions\/99668"}],"wp:attachment":[{"href":"https:\/\/acs.org.br\/academy\/wp-json\/wp\/v2\/media?parent=99667"}],"wp:term":[{"taxonomy":"category","embeddable":true,"href":"https:\/\/acs.org.br\/academy\/wp-json\/wp\/v2\/categories?post=99667"},{"taxonomy":"post_tag","embeddable":true,"href":"https:\/\/acs.org.br\/academy\/wp-json\/wp\/v2\/tags?post=99667"}],"curies":[{"name":"wp","href":"https:\/\/api.w.org\/{rel}","templated":true}]}}