{"id":99664,"date":"2021-09-03T10:13:04","date_gmt":"2021-09-03T13:13:04","guid":{"rendered":"https:\/\/acs.org.br\/antigo\/?p=99664"},"modified":"2021-09-03T14:16:49","modified_gmt":"2021-09-03T17:16:49","slug":"atualidades-santos-tem-expectativa-de-receber-mais-de-360-mil-turistas-no-feriado","status":"publish","type":"post","link":"https:\/\/acs.org.br\/academy\/atualidades-santos-tem-expectativa-de-receber-mais-de-360-mil-turistas-no-feriado\/","title":{"rendered":"ATUALIDADES: Santos tem expectativa de receber mais de 360 mil turistas no feriado"},"content":{"rendered":"<p>Fonte: Santa Portal<\/p>\n<p>A expectativa para o feriad\u00e3o da Independ\u00eancia \u00e9 positiva em Santos. Segundo a Se\u00e7\u00e3o de Pesquisa Tur\u00edstica, da Secretaria de Empreendedorismo, Economia Criativa e Turismo (Seectur), s\u00e3o esperados at\u00e9 369 mil visitantes.<\/p>\n<p><a href=\"https:\/\/santaportal.com.br\/baixada\/santos-tem-expectativa-de-receber-mais-de-360-mil-turistas-no-feriado\/\">LEIA MAIS<\/a><\/p>\n","protected":false},"excerpt":{"rendered":"<p>Fonte: Santa Portal A expectativa para o feriad\u00e3o da Independ\u00eancia \u00e9 positiva em Santos. Segundo a Se\u00e7\u00e3o de Pesquisa Tur\u00edstica, da Secretaria de Empreendedorismo, Economia Criativa e Turismo (Seectur), s\u00e3o esperados at\u00e9 369 mil visitantes. LEIA MAIS<\/p>\n","protected":false},"author":3,"featured_media":99666,"comment_status":"open","ping_status":"open","sticky":false,"template":"","format":"standard","meta":{"footnotes":""},"categories":[105],"tags":[],"_links":{"self":[{"href":"https:\/\/acs.org.br\/academy\/wp-json\/wp\/v2\/posts\/99664"}],"collection":[{"href":"https:\/\/acs.org.br\/academy\/wp-json\/wp\/v2\/posts"}],"about":[{"href":"https:\/\/acs.org.br\/academy\/wp-json\/wp\/v2\/types\/post"}],"author":[{"embeddable":true,"href":"https:\/\/acs.org.br\/academy\/wp-json\/wp\/v2\/users\/3"}],"replies":[{"embeddable":true,"href":"https:\/\/acs.org.br\/academy\/wp-json\/wp\/v2\/comments?post=99664"}],"version-history":[{"count":2,"href":"https:\/\/acs.org.br\/academy\/wp-json\/wp\/v2\/posts\/99664\/revisions"}],"predecessor-version":[{"id":99685,"href":"https:\/\/acs.org.br\/academy\/wp-json\/wp\/v2\/posts\/99664\/revisions\/99685"}],"wp:featuredmedia":[{"embeddable":true,"href":"https:\/\/acs.org.br\/academy\/wp-json\/wp\/v2\/media\/99666"}],"wp:attachment":[{"href":"https:\/\/acs.org.br\/academy\/wp-json\/wp\/v2\/media?parent=99664"}],"wp:term":[{"taxonomy":"category","embeddable":true,"href":"https:\/\/acs.org.br\/academy\/wp-json\/wp\/v2\/categories?post=99664"},{"taxonomy":"post_tag","embeddable":true,"href":"https:\/\/acs.org.br\/academy\/wp-json\/wp\/v2\/tags?post=99664"}],"curies":[{"name":"wp","href":"https:\/\/api.w.org\/{rel}","templated":true}]}}