{"id":99657,"date":"2021-09-03T09:08:42","date_gmt":"2021-09-03T12:08:42","guid":{"rendered":"https:\/\/acs.org.br\/antigo\/?p=99657"},"modified":"2021-09-03T09:08:42","modified_gmt":"2021-09-03T12:08:42","slug":"economia-imposto-de-renda-entenda-o-que-pode-mudar-no-seu-bolso-com-a-proposta-aprovada-na-camara","status":"publish","type":"post","link":"https:\/\/acs.org.br\/academy\/economia-imposto-de-renda-entenda-o-que-pode-mudar-no-seu-bolso-com-a-proposta-aprovada-na-camara\/","title":{"rendered":"ECONOMIA:\u00a0Imposto de Renda: entenda o que pode mudar no seu bolso com a proposta aprovada na C\u00e2mara"},"content":{"rendered":"<p>Fonte: G1<\/p>\n<p>Para a pessoa f\u00edsica, o projeto prev\u00ea corre\u00e7\u00e3o nas faixas de IR e deve aumentar em mais de 5 milh\u00f5es o n\u00famero de brasileiros isentos do pagamento do tributo. Texto, por\u00e9m, reduz o desconto simplificado na declara\u00e7\u00e3o anual, o que deve tornar nulo o efeito da corre\u00e7\u00e3o da tabela para parte dos contribuintes.<\/p>\n<p><a href=\"https:\/\/g1.globo.com\/economia\/noticia\/2021\/09\/02\/imposto-de-renda-entenda-o-que-pode-mudar-no-seu-bolso-com-a-proposta-aprovada-na-camara.ghtml\">LEIA MAIS&#8230;<\/a><\/p>\n<p>&nbsp;<\/p>\n","protected":false},"excerpt":{"rendered":"<p>Fonte: G1 Para a pessoa f\u00edsica, o projeto prev\u00ea corre\u00e7\u00e3o nas faixas de IR e deve aumentar em mais de 5 milh\u00f5es o n\u00famero de brasileiros isentos do pagamento do tributo. Texto, por\u00e9m, reduz o desconto simplificado na declara\u00e7\u00e3o anual, o que deve tornar nulo o efeito da corre\u00e7\u00e3o da tabela para parte dos contribuintes. [&hellip;]<\/p>\n","protected":false},"author":3,"featured_media":0,"comment_status":"open","ping_status":"open","sticky":false,"template":"","format":"standard","meta":{"footnotes":""},"categories":[105],"tags":[],"_links":{"self":[{"href":"https:\/\/acs.org.br\/academy\/wp-json\/wp\/v2\/posts\/99657"}],"collection":[{"href":"https:\/\/acs.org.br\/academy\/wp-json\/wp\/v2\/posts"}],"about":[{"href":"https:\/\/acs.org.br\/academy\/wp-json\/wp\/v2\/types\/post"}],"author":[{"embeddable":true,"href":"https:\/\/acs.org.br\/academy\/wp-json\/wp\/v2\/users\/3"}],"replies":[{"embeddable":true,"href":"https:\/\/acs.org.br\/academy\/wp-json\/wp\/v2\/comments?post=99657"}],"version-history":[{"count":1,"href":"https:\/\/acs.org.br\/academy\/wp-json\/wp\/v2\/posts\/99657\/revisions"}],"predecessor-version":[{"id":99658,"href":"https:\/\/acs.org.br\/academy\/wp-json\/wp\/v2\/posts\/99657\/revisions\/99658"}],"wp:attachment":[{"href":"https:\/\/acs.org.br\/academy\/wp-json\/wp\/v2\/media?parent=99657"}],"wp:term":[{"taxonomy":"category","embeddable":true,"href":"https:\/\/acs.org.br\/academy\/wp-json\/wp\/v2\/categories?post=99657"},{"taxonomy":"post_tag","embeddable":true,"href":"https:\/\/acs.org.br\/academy\/wp-json\/wp\/v2\/tags?post=99657"}],"curies":[{"name":"wp","href":"https:\/\/api.w.org\/{rel}","templated":true}]}}