{"id":99649,"date":"2021-09-03T07:52:03","date_gmt":"2021-09-03T10:52:03","guid":{"rendered":"https:\/\/acs.org.br\/antigo\/?p=99649"},"modified":"2021-09-03T07:52:03","modified_gmt":"2021-09-03T10:52:03","slug":"atualidades-santos-abre-festa-do-bicentenario","status":"publish","type":"post","link":"https:\/\/acs.org.br\/academy\/atualidades-santos-abre-festa-do-bicentenario\/","title":{"rendered":"ATUALIDADES: Santos abre festa do bicenten\u00e1rio"},"content":{"rendered":"<p>Fonte: A Tribuna<\/p>\n<p>O Pal\u00e1cio Jos\u00e9 Bonif\u00e1cio, sede da Prefeitura de Santos, voltar\u00e1 a receber visitas monitoradas neste feriado prolongado, ap\u00f3s quase um ano e meio de suspens\u00e3o devido \u00e0 pandemia de covid-19.<\/p>\n<p><a href=\"https:\/\/acs.org.br\/antigo\/wp-content\/uploads\/2021\/09\/FESTA0309.pdf\">LEIA MAIS&#8230;<\/a><\/p>\n","protected":false},"excerpt":{"rendered":"<p>Fonte: A Tribuna O Pal\u00e1cio Jos\u00e9 Bonif\u00e1cio, sede da Prefeitura de Santos, voltar\u00e1 a receber visitas monitoradas neste feriado prolongado, ap\u00f3s quase um ano e meio de suspens\u00e3o devido \u00e0 pandemia de covid-19. LEIA MAIS&#8230;<\/p>\n","protected":false},"author":2,"featured_media":0,"comment_status":"open","ping_status":"open","sticky":false,"template":"","format":"standard","meta":{"footnotes":""},"categories":[105],"tags":[],"_links":{"self":[{"href":"https:\/\/acs.org.br\/academy\/wp-json\/wp\/v2\/posts\/99649"}],"collection":[{"href":"https:\/\/acs.org.br\/academy\/wp-json\/wp\/v2\/posts"}],"about":[{"href":"https:\/\/acs.org.br\/academy\/wp-json\/wp\/v2\/types\/post"}],"author":[{"embeddable":true,"href":"https:\/\/acs.org.br\/academy\/wp-json\/wp\/v2\/users\/2"}],"replies":[{"embeddable":true,"href":"https:\/\/acs.org.br\/academy\/wp-json\/wp\/v2\/comments?post=99649"}],"version-history":[{"count":1,"href":"https:\/\/acs.org.br\/academy\/wp-json\/wp\/v2\/posts\/99649\/revisions"}],"predecessor-version":[{"id":99651,"href":"https:\/\/acs.org.br\/academy\/wp-json\/wp\/v2\/posts\/99649\/revisions\/99651"}],"wp:attachment":[{"href":"https:\/\/acs.org.br\/academy\/wp-json\/wp\/v2\/media?parent=99649"}],"wp:term":[{"taxonomy":"category","embeddable":true,"href":"https:\/\/acs.org.br\/academy\/wp-json\/wp\/v2\/categories?post=99649"},{"taxonomy":"post_tag","embeddable":true,"href":"https:\/\/acs.org.br\/academy\/wp-json\/wp\/v2\/tags?post=99649"}],"curies":[{"name":"wp","href":"https:\/\/api.w.org\/{rel}","templated":true}]}}